{"id":487,"date":"2018-04-23T11:51:43","date_gmt":"2018-04-23T09:51:43","guid":{"rendered":"http:\/\/agora.xtec.cat\/ceip-santacreu-anglesola\/?p=487"},"modified":"2018-04-23T12:08:12","modified_gmt":"2018-04-23T10:08:12","slug":"videoforums","status":"publish","type":"post","link":"https:\/\/agora.xtec.cat\/ceip-santacreu-anglesola\/educaciosocioemocional\/videoforums\/","title":{"rendered":"Cinef\u00f2rums"},"content":{"rendered":"<p>Cada curs, una de les activitats dins de la setmana cultural \u00e9s un cinef\u00f2rum. Els temes s\u00f3n la igualtat d&#8217;oportunitats entre homes i dones i l&#8217;educaci\u00f3 intercultural. Cada cicle visiona unes pel\u00b7l\u00edcules adequades a la seva etapa de maduresa. Un cop acabada la cinta, els infants participen en el debat aprenent a escoltar les opinions dels dem\u00e9s, pensant sobre situacions de la seva vida i q\u00fcestionant-se aix\u00ed les opinions que tenien pr\u00e8viament. \u00c9s una manera d&#8217;aprendre a ser emp\u00e0tics i a saber-se posar al lloc de l&#8217;altre. \u00c9s un aprenentatge molt important per a tenir un bon clima escolar i fer una societat millor.<\/p>\n<p>Les pel\u00b7l\u00edcules s\u00f3n:<\/p>\n<p>Cicle superior:<\/p>\n<ul>\n<li>Las mujeres de verdad tienen curvas<\/li>\n<li><img loading=\"lazy\" decoding=\"async\" class=\"\" src=\"http:\/\/www.peliculasfeministas.com\/wp-content\/uploads\/2015\/12\/real-women-have-curves-movie-poster-2002-1010541484.jpg\" alt=\"Resultado de imagen de real woman have curves\" width=\"74\" height=\"105\" \/><\/li>\n<li>Quiero ser como Beckham<\/li>\n<li><img loading=\"lazy\" decoding=\"async\" class=\"\" src=\"https:\/\/images-na.ssl-images-amazon.com\/images\/I\/51UeIszhf8L._SY445_.jpg\" alt=\"Resultado de imagen de real women bend it like beckham\" width=\"78\" height=\"112\" \/><\/li>\n<li>Billy Elliot<\/li>\n<li><img loading=\"lazy\" decoding=\"async\" class=\"\" src=\"https:\/\/images-na.ssl-images-amazon.com\/images\/I\/41HVA9TT81L._SY445_.jpg\" alt=\"Resultado de imagen de billy elliot\" width=\"95\" height=\"134\" \/><\/li>\n<\/ul>\n<p>Cicle Mitj\u00e0:<\/p>\n<ul>\n<li>Brave<\/li>\n<li><img loading=\"lazy\" decoding=\"async\" class=\"\" src=\"http:\/\/is5.mzstatic.com\/image\/thumb\/Video118\/v4\/f9\/73\/c3\/f973c36d-28b3-6d9b-be65-ebb92d4e8b3d\/source\/227x227bb.jpg\" alt=\"Resultado de imagen de Brave\" width=\"93\" height=\"140\" \/><\/li>\n<li>Azur i Asmar<\/li>\n<li><img loading=\"lazy\" decoding=\"async\" class=\"\" src=\"https:\/\/upload.wikimedia.org\/wikipedia\/en\/thumb\/d\/d7\/Azur_et_asmar.jpg\/220px-Azur_et_asmar.jpg\" alt=\"Resultado de imagen de azur and asmar\" width=\"93\" height=\"124\" \/><\/li>\n<\/ul>\n<p>Cicle Inicial<\/p>\n<ul>\n<li>Wall-E<\/li>\n<li><img loading=\"lazy\" decoding=\"async\" class=\"\" src=\"https:\/\/images-na.ssl-images-amazon.com\/images\/I\/91YTk3e7c-L._RI_SX200_.jpg\" alt=\"Resultado de imagen de Wall-e\" width=\"94\" height=\"126\" \/><\/li>\n<li>Historia de una gavina y del gato que le ense\u00f1\u00f3 a volar<\/li>\n<li><img loading=\"lazy\" decoding=\"async\" class=\"\" src=\"http:\/\/decine21.com\/img\/upload\/obras\/Historia-de-una-gaviota--y-del-gato-que-le-enseno-a-volar-13370\/Historia-de-una-gaviota--y-del-gato-que-le-enseno-a-volar-13370-C.jpg\" alt=\"Resultado de imagen de historia de una gaviota y del gato que le ense\u00c3\u00b1o a volar\" width=\"91\" height=\"129\" \/><\/li>\n<\/ul>\n<p>Educaci\u00f3 Infantil<\/p>\n<ul>\n<li>Dora\u00a0la exploradora<\/li>\n<li><img loading=\"lazy\" decoding=\"async\" class=\"\" src=\"https:\/\/images-na.ssl-images-amazon.com\/images\/S\/sgp-catalog-images\/region_US\/nickjr-DORATHEEXPLORER_SEASON_5-Full-Image_GalleryBackground-en-US-1484348644489._RI_SX940_.jpg\" alt=\"Resultado de imagen de dora the explorer\" width=\"163\" height=\"92\" \/><\/li>\n<\/ul>\n<p>&nbsp;<\/p>\n","protected":false},"excerpt":{"rendered":"<p>Cada curs, una de les activitats dins de la setmana cultural \u00e9s un cinef\u00f2rum. Els temes s\u00f3n la igualtat d&#8217;oportunitats entre homes i dones i l&#8217;educaci\u00f3 intercultural. Cada cicle visiona unes pel\u00b7l\u00edcules adequades a la seva etapa de maduresa. Un cop acabada la cinta, els&hellip;  <a href=\"https:\/\/agora.xtec.cat\/ceip-santacreu-anglesola\/educaciosocioemocional\/videoforums\/\" title=\"Read Cinef\u00f2rums\">Llegeix m\u00e9s\u00bb<\/a><\/p>\n","protected":false},"author":3,"featured_media":471,"comment_status":"open","ping_status":"closed","sticky":false,"template":"","format":"standard","meta":{"_bbp_topic_count":0,"_bbp_reply_count":0,"_bbp_total_topic_count":0,"_bbp_total_reply_count":0,"_bbp_voice_count":0,"_bbp_anonymous_reply_count":0,"_bbp_topic_count_hidden":0,"_bbp_reply_count_hidden":0,"_bbp_forum_subforum_count":0,"footnotes":""},"categories":[46],"tags":[],"class_list":["post-487","post","type-post","status-publish","format-standard","has-post-thumbnail","hentry","category-educaciosocioemocional"],"post_mailing_queue_ids":[],"_links":{"self":[{"href":"https:\/\/agora.xtec.cat\/ceip-santacreu-anglesola\/wp-json\/wp\/v2\/posts\/487","targetHints":{"allow":["GET"]}}],"collection":[{"href":"https:\/\/agora.xtec.cat\/ceip-santacreu-anglesola\/wp-json\/wp\/v2\/posts"}],"about":[{"href":"https:\/\/agora.xtec.cat\/ceip-santacreu-anglesola\/wp-json\/wp\/v2\/types\/post"}],"author":[{"embeddable":true,"href":"https:\/\/agora.xtec.cat\/ceip-santacreu-anglesola\/wp-json\/wp\/v2\/users\/3"}],"replies":[{"embeddable":true,"href":"https:\/\/agora.xtec.cat\/ceip-santacreu-anglesola\/wp-json\/wp\/v2\/comments?post=487"}],"version-history":[{"count":3,"href":"https:\/\/agora.xtec.cat\/ceip-santacreu-anglesola\/wp-json\/wp\/v2\/posts\/487\/revisions"}],"predecessor-version":[{"id":490,"href":"https:\/\/agora.xtec.cat\/ceip-santacreu-anglesola\/wp-json\/wp\/v2\/posts\/487\/revisions\/490"}],"wp:featuredmedia":[{"embeddable":true,"href":"https:\/\/agora.xtec.cat\/ceip-santacreu-anglesola\/wp-json\/wp\/v2\/media\/471"}],"wp:attachment":[{"href":"https:\/\/agora.xtec.cat\/ceip-santacreu-anglesola\/wp-json\/wp\/v2\/media?parent=487"}],"wp:term":[{"taxonomy":"category","embeddable":true,"href":"https:\/\/agora.xtec.cat\/ceip-santacreu-anglesola\/wp-json\/wp\/v2\/categories?post=487"},{"taxonomy":"post_tag","embeddable":true,"href":"https:\/\/agora.xtec.cat\/ceip-santacreu-anglesola\/wp-json\/wp\/v2\/tags?post=487"}],"curies":[{"name":"wp","href":"https:\/\/api.w.org\/{rel}","templated":true}]}}