{"id":4866,"date":"2022-03-17T21:33:16","date_gmt":"2022-03-17T20:33:16","guid":{"rendered":"https:\/\/agora.xtec.cat\/ceip-santacreu-anglesola\/?p=4866"},"modified":"2022-03-18T16:23:01","modified_gmt":"2022-03-18T15:23:01","slug":"els-alumnes-de-cicle-mitja-tenim-cura-de-lhort","status":"publish","type":"post","link":"https:\/\/agora.xtec.cat\/ceip-santacreu-anglesola\/general\/els-alumnes-de-cicle-mitja-tenim-cura-de-lhort\/","title":{"rendered":"ELS ALUMNES DE CICLE MITJ\u00c0 TENIM CURA DE L&#8217;HORT"},"content":{"rendered":"<p>Els alumnes de cicle mitj\u00e0 us volem ensenyar com tenim cura de l&#8217;hort de l&#8217;escola.<\/p>\n<p>Els reguem sovint, traiem les males herbes i veiem com cada setmana van creixent les hortalisses i verdures que vam plantar el primer trimestre.<\/p>\n<p>Tamb\u00e9 hi hem posat uns cartells amb els noms de cada verdura en tres lleng\u00fces.<\/p>\n<p>Aquesta activitat permet millorar i ampliar el nostre contacte amb l&#8217;entorn i la natura.<\/p>\n<p>Tamb\u00e9 ens ajuda a prendre consci\u00e8ncia de la import\u00e0ncia de con\u00e8ixer i protegir els diversos ecosistemes naturals i a valorar l&#8217;esfor\u00e7 i la responsabilitat personals.<\/p>\n<p style=\"text-align: justify; background: white; margin: 0cm 0cm 15.0pt 0cm;\"><span style=\"font-family: 'Arial',sans-serif;\">Si cliqueu damunt de la imatge veureu una mostra del nostre treball:<\/span><\/p>\n<p><a href=\"https:\/\/photos.app.goo.gl\/C429Qr1MzviSGu3E6\" target=\"_blank\" rel=\"noopener\"><img loading=\"lazy\" decoding=\"async\" class=\"aligncenter wp-image-4869\" src=\"https:\/\/agora.xtec.cat\/ceip-santacreu-anglesola\/wp-content\/uploads\/usu483\/2022\/03\/foto-portada-2-1024x768.jpg\" alt=\"\" width=\"352\" height=\"264\" srcset=\"https:\/\/agora.xtec.cat\/ceip-santacreu-anglesola\/wp-content\/uploads\/usu483\/2022\/03\/foto-portada-2-1024x768.jpg 1024w, https:\/\/agora.xtec.cat\/ceip-santacreu-anglesola\/wp-content\/uploads\/usu483\/2022\/03\/foto-portada-2-300x225.jpg 300w, https:\/\/agora.xtec.cat\/ceip-santacreu-anglesola\/wp-content\/uploads\/usu483\/2022\/03\/foto-portada-2-768x576.jpg 768w, https:\/\/agora.xtec.cat\/ceip-santacreu-anglesola\/wp-content\/uploads\/usu483\/2022\/03\/foto-portada-2-200x150.jpg 200w, https:\/\/agora.xtec.cat\/ceip-santacreu-anglesola\/wp-content\/uploads\/usu483\/2022\/03\/foto-portada-2.jpg 1040w\" sizes=\"auto, (max-width: 352px) 100vw, 352px\" \/><\/a><\/p>\n","protected":false},"excerpt":{"rendered":"<p>Els alumnes de cicle mitj\u00e0 us volem ensenyar com tenim cura de l&#8217;hort de l&#8217;escola.<br \/>\nEls reguem sovint, traiem les males herbes i veiem com cada setmana van creixent les hortalisses i verdures que vam plantar el primer trimestre.<br \/>\nTamb\u00e9 hi hem posat uns cartells amb els&hellip;  <a href=\"https:\/\/agora.xtec.cat\/ceip-santacreu-anglesola\/general\/els-alumnes-de-cicle-mitja-tenim-cura-de-lhort\/\" title=\"Read ELS ALUMNES DE CICLE MITJ\u00c0 TENIM CURA DE L&#8217;HORT\">Llegeix m\u00e9s\u00bb<\/a><\/p>\n","protected":false},"author":16,"featured_media":4869,"comment_status":"open","ping_status":"closed","sticky":false,"template":"","format":"standard","meta":{"_bbp_topic_count":0,"_bbp_reply_count":0,"_bbp_total_topic_count":0,"_bbp_total_reply_count":0,"_bbp_voice_count":0,"_bbp_anonymous_reply_count":0,"_bbp_topic_count_hidden":0,"_bbp_reply_count_hidden":0,"_bbp_forum_subforum_count":0,"footnotes":""},"categories":[1,4,5],"tags":[],"class_list":["post-4866","post","type-post","status-publish","format-standard","has-post-thumbnail","hentry","category-general","category-portada","category-primaria"],"post_mailing_queue_ids":[],"_links":{"self":[{"href":"https:\/\/agora.xtec.cat\/ceip-santacreu-anglesola\/wp-json\/wp\/v2\/posts\/4866","targetHints":{"allow":["GET"]}}],"collection":[{"href":"https:\/\/agora.xtec.cat\/ceip-santacreu-anglesola\/wp-json\/wp\/v2\/posts"}],"about":[{"href":"https:\/\/agora.xtec.cat\/ceip-santacreu-anglesola\/wp-json\/wp\/v2\/types\/post"}],"author":[{"embeddable":true,"href":"https:\/\/agora.xtec.cat\/ceip-santacreu-anglesola\/wp-json\/wp\/v2\/users\/16"}],"replies":[{"embeddable":true,"href":"https:\/\/agora.xtec.cat\/ceip-santacreu-anglesola\/wp-json\/wp\/v2\/comments?post=4866"}],"version-history":[{"count":4,"href":"https:\/\/agora.xtec.cat\/ceip-santacreu-anglesola\/wp-json\/wp\/v2\/posts\/4866\/revisions"}],"predecessor-version":[{"id":4877,"href":"https:\/\/agora.xtec.cat\/ceip-santacreu-anglesola\/wp-json\/wp\/v2\/posts\/4866\/revisions\/4877"}],"wp:featuredmedia":[{"embeddable":true,"href":"https:\/\/agora.xtec.cat\/ceip-santacreu-anglesola\/wp-json\/wp\/v2\/media\/4869"}],"wp:attachment":[{"href":"https:\/\/agora.xtec.cat\/ceip-santacreu-anglesola\/wp-json\/wp\/v2\/media?parent=4866"}],"wp:term":[{"taxonomy":"category","embeddable":true,"href":"https:\/\/agora.xtec.cat\/ceip-santacreu-anglesola\/wp-json\/wp\/v2\/categories?post=4866"},{"taxonomy":"post_tag","embeddable":true,"href":"https:\/\/agora.xtec.cat\/ceip-santacreu-anglesola\/wp-json\/wp\/v2\/tags?post=4866"}],"curies":[{"name":"wp","href":"https:\/\/api.w.org\/{rel}","templated":true}]}}