{"id":4817,"date":"2022-03-10T09:59:56","date_gmt":"2022-03-10T08:59:56","guid":{"rendered":"https:\/\/agora.xtec.cat\/ceip-santacreu-anglesola\/?p=4817"},"modified":"2022-03-18T16:31:26","modified_gmt":"2022-03-18T15:31:26","slug":"8m-un-dia-per-totes","status":"publish","type":"post","link":"https:\/\/agora.xtec.cat\/ceip-santacreu-anglesola\/general\/8m-un-dia-per-totes\/","title":{"rendered":"8M Un dia per TOTES"},"content":{"rendered":"<p>Un any m\u00e9s i donada la import\u00e0ncia de la commemoraci\u00f3 del dia de la dona, durant la primera setmana de mar\u00e7 i a tots els cicles, treballem i reflexionem sobre quin paper t\u00e9 la dona en l&#8217;actualitat i com ha estat el seu paper al llarg de la hist\u00f2ria. A trav\u00e9s de contes, v\u00eddeos i din\u00e0miques pretenem sensibilitzar a l&#8217;alumnat sobre aquesta realitat.<\/p>\n<p>Aquest any, a l&#8217;entrada de l&#8217;escola hem muntat una exposici\u00f3 sobre dones que han tingut una rellev\u00e0ncia en la hist\u00f2ria i que, en molts casos, gr\u00e0cies a elles som on som. Llegint cada biografia hem descobert testimonis de dones valentes, justes i lluitadores per la igualtat.<\/p>\n<p>Per totes les dones importants de la nostra vida, volem un 8M els 365 dies de l&#8217;any!<\/p>\n<p>&nbsp;<\/p>\n<p><a href=\"https:\/\/agora.xtec.cat\/ceip-santacreu-anglesola\/wp-content\/uploads\/usu483\/2022\/03\/IMG_20220307_094747__01__01-scaled.jpg\"><img loading=\"lazy\" decoding=\"async\" class=\"aligncenter wp-image-4820 size-full\" src=\"https:\/\/agora.xtec.cat\/ceip-santacreu-anglesola\/wp-content\/uploads\/usu483\/2022\/03\/IMG_20220307_094747__01__01-scaled.jpg\" alt=\"\" width=\"2560\" height=\"736\" srcset=\"https:\/\/agora.xtec.cat\/ceip-santacreu-anglesola\/wp-content\/uploads\/usu483\/2022\/03\/IMG_20220307_094747__01__01-scaled.jpg 2560w, https:\/\/agora.xtec.cat\/ceip-santacreu-anglesola\/wp-content\/uploads\/usu483\/2022\/03\/IMG_20220307_094747__01__01-300x86.jpg 300w, https:\/\/agora.xtec.cat\/ceip-santacreu-anglesola\/wp-content\/uploads\/usu483\/2022\/03\/IMG_20220307_094747__01__01-1024x294.jpg 1024w, https:\/\/agora.xtec.cat\/ceip-santacreu-anglesola\/wp-content\/uploads\/usu483\/2022\/03\/IMG_20220307_094747__01__01-768x221.jpg 768w, https:\/\/agora.xtec.cat\/ceip-santacreu-anglesola\/wp-content\/uploads\/usu483\/2022\/03\/IMG_20220307_094747__01__01-1536x441.jpg 1536w, https:\/\/agora.xtec.cat\/ceip-santacreu-anglesola\/wp-content\/uploads\/usu483\/2022\/03\/IMG_20220307_094747__01__01-2048x589.jpg 2048w\" sizes=\"auto, (max-width: 2560px) 100vw, 2560px\" \/><\/a><\/p>\n<p>&nbsp;<\/p>\n","protected":false},"excerpt":{"rendered":"<p>Un any m\u00e9s i donada la import\u00e0ncia de la commemoraci\u00f3 del dia de la dona, durant la primera setmana de mar\u00e7 i a tots els cicles, treballem i reflexionem sobre quin paper t\u00e9 la dona en l&#8217;actualitat i com ha estat el seu paper al&hellip;  <a href=\"https:\/\/agora.xtec.cat\/ceip-santacreu-anglesola\/general\/8m-un-dia-per-totes\/\" title=\"Read 8M Un dia per TOTES\">Llegeix m\u00e9s\u00bb<\/a><\/p>\n","protected":false},"author":1,"featured_media":4820,"comment_status":"open","ping_status":"closed","sticky":false,"template":"","format":"standard","meta":{"_bbp_topic_count":0,"_bbp_reply_count":0,"_bbp_total_topic_count":0,"_bbp_total_reply_count":0,"_bbp_voice_count":0,"_bbp_anonymous_reply_count":0,"_bbp_topic_count_hidden":0,"_bbp_reply_count_hidden":0,"_bbp_forum_subforum_count":0,"footnotes":""},"categories":[1,4],"tags":[],"class_list":["post-4817","post","type-post","status-publish","format-standard","has-post-thumbnail","hentry","category-general","category-portada"],"post_mailing_queue_ids":[],"_links":{"self":[{"href":"https:\/\/agora.xtec.cat\/ceip-santacreu-anglesola\/wp-json\/wp\/v2\/posts\/4817","targetHints":{"allow":["GET"]}}],"collection":[{"href":"https:\/\/agora.xtec.cat\/ceip-santacreu-anglesola\/wp-json\/wp\/v2\/posts"}],"about":[{"href":"https:\/\/agora.xtec.cat\/ceip-santacreu-anglesola\/wp-json\/wp\/v2\/types\/post"}],"author":[{"embeddable":true,"href":"https:\/\/agora.xtec.cat\/ceip-santacreu-anglesola\/wp-json\/wp\/v2\/users\/1"}],"replies":[{"embeddable":true,"href":"https:\/\/agora.xtec.cat\/ceip-santacreu-anglesola\/wp-json\/wp\/v2\/comments?post=4817"}],"version-history":[{"count":3,"href":"https:\/\/agora.xtec.cat\/ceip-santacreu-anglesola\/wp-json\/wp\/v2\/posts\/4817\/revisions"}],"predecessor-version":[{"id":4821,"href":"https:\/\/agora.xtec.cat\/ceip-santacreu-anglesola\/wp-json\/wp\/v2\/posts\/4817\/revisions\/4821"}],"wp:featuredmedia":[{"embeddable":true,"href":"https:\/\/agora.xtec.cat\/ceip-santacreu-anglesola\/wp-json\/wp\/v2\/media\/4820"}],"wp:attachment":[{"href":"https:\/\/agora.xtec.cat\/ceip-santacreu-anglesola\/wp-json\/wp\/v2\/media?parent=4817"}],"wp:term":[{"taxonomy":"category","embeddable":true,"href":"https:\/\/agora.xtec.cat\/ceip-santacreu-anglesola\/wp-json\/wp\/v2\/categories?post=4817"},{"taxonomy":"post_tag","embeddable":true,"href":"https:\/\/agora.xtec.cat\/ceip-santacreu-anglesola\/wp-json\/wp\/v2\/tags?post=4817"}],"curies":[{"name":"wp","href":"https:\/\/api.w.org\/{rel}","templated":true}]}}