{"id":4811,"date":"2022-03-09T11:32:51","date_gmt":"2022-03-09T10:32:51","guid":{"rendered":"https:\/\/agora.xtec.cat\/ceip-santacreu-anglesola\/?p=4811"},"modified":"2022-03-11T11:52:06","modified_gmt":"2022-03-11T10:52:06","slug":"quadern-de-bitacola-colonies-cicle-superior","status":"publish","type":"post","link":"https:\/\/agora.xtec.cat\/ceip-santacreu-anglesola\/general\/quadern-de-bitacola-colonies-cicle-superior\/","title":{"rendered":"QUADERN DE BIT\u00c0COLA: COL\u00d2NIES CICLE SUPERIOR"},"content":{"rendered":"<h1><strong>DIA 1<\/strong><\/h1>\n<p>Amb molts nervis i ganes de passar-ho b\u00e9, l&#8217;alumnat de Cicle Superior vam iniciar ben d&#8217;hora les nostres col\u00f2nies d&#8217;angl\u00e8s i emocionals a <a href=\"https:\/\/barcelona.lagranjatc.com\/\" target=\"_blank\" rel=\"noopener\">La Granja<\/a> (Santa Maria de Palautordera). Nom\u00e9s arribar ens vam instal\u00b7lar a les nostres habitacions i van arribar el Joseph i el George, que seran els nostres monitors durant aquests dies.<\/p>\n<p>Les activitats que ens van proposar van ser: un joc de confian\u00e7a amb el company\/a i el Pont Xin\u00e8s, on vam posar a prova la nostra comunicaci\u00f3. Per acabar de rematar el primer dia vam fem un trekking nocturn pel bosc on a causa de la humitat vam trobar-nos unes acompanyants molt especials, les salamandres.<\/p>\n<p>Per cert, no patiu per la pluja perqu\u00e8 els anglesolins podem amb tot \ud83d\ude42<\/p>\n<p>A l&#8217;hora de dormir&#8230;b\u00e9, el que passa a La Granja es queda a La Granja. \ud83d\ude09<\/p>\n<h1><strong>DIA 2<\/strong><\/h1>\n<p>Despr\u00e9s de l&#8217;emoci\u00f3 del primer dia , vam comen\u00e7ar el segon dia de col\u00f2nies amb una mica de sol i moltes ganes de passar-ho b\u00e9. El Joseph i la Carla ens van preparar una pila d&#8217;activitats com: l&#8217;equitaci\u00f3 i el taller de cabanes. A la nit vam jugar a &#8220;fet i amagar&#8221; al mig del bosc!!! Moltes experi\u00e8ncies i emocions intenses que ens van permetre dormir molt &#8220;planets i planetes&#8221; \ud83d\ude42<\/p>\n<h1><strong>DIA 3<\/strong><\/h1>\n<p>Les experi\u00e8ncies i les emocions van continuar intensament el tercer dia de col\u00f2nies. Vam continuar experimentant la pau de passejar un cavall, l&#8217;emoci\u00f3 de superar les nostres pors escalant pel roc\u00f2drom o el cam\u00ed de la vida. A la nit, l&#8217;esperada disco on vam posar a prova les nostres habilitats en el ball. Finalment, els mestres ens van deixar una mica de xerrameca a les habitacions i cap a dormir amb la satisfacci\u00f3 d&#8217;haver passar un dia fant\u00e0stic envoltats de natura i bons amics i amigues.<\/p>\n<h1><strong>DIA 4<\/strong><\/h1>\n<p>\u00daltim dia a La Granja i un mat\u00ed per acabar de gaudir de les activitats que ens van preparar el Joseph i la Carla. Els comiats mai s\u00f3n f\u00e0cils per\u00f2 els records sempre es quedaran amb nosaltres.<\/p>\n<h2 style=\"text-align: center;\"><a href=\"https:\/\/agora.xtec.cat\/ceip-santacreu-anglesola\/general\/quadern-de-bitacola-colonies-cicle-superior-ocult\/\"><strong>CLICA AQU\u00cd PER VEURE LES FOTOS<\/strong><\/a><\/h2>\n","protected":false},"excerpt":{"rendered":"<p>DIA 1<br \/>\nAmb molts nervis i ganes de passar-ho b\u00e9, l&#8217;alumnat de Cicle Superior vam iniciar ben d&#8217;hora les nostres col\u00f2nies d&#8217;angl\u00e8s i emocionals a <a href=\"https:\/\/barcelona.lagranjatc.com\/\" target=\"_blank\" rel=\"noopener\">La Granja<\/a> (Santa Maria de Palautordera). Nom\u00e9s arribar ens vam instal\u00b7lar a les nostres habitacions i van arribar&hellip;  <a href=\"https:\/\/agora.xtec.cat\/ceip-santacreu-anglesola\/general\/quadern-de-bitacola-colonies-cicle-superior\/\" title=\"Read QUADERN DE BIT\u00c0COLA: COL\u00d2NIES CICLE SUPERIOR\">Llegeix m\u00e9s\u00bb<\/a><\/p>\n","protected":false},"author":11,"featured_media":0,"comment_status":"open","ping_status":"closed","sticky":false,"template":"","format":"standard","meta":{"_bbp_topic_count":0,"_bbp_reply_count":0,"_bbp_total_topic_count":0,"_bbp_total_reply_count":0,"_bbp_voice_count":0,"_bbp_anonymous_reply_count":0,"_bbp_topic_count_hidden":0,"_bbp_reply_count_hidden":0,"_bbp_forum_subforum_count":0,"footnotes":""},"categories":[14,15,1,4],"tags":[],"class_list":["post-4811","post","type-post","status-publish","format-standard","hentry","category-5e","category-6e","category-general","category-portada"],"post_mailing_queue_ids":[],"_links":{"self":[{"href":"https:\/\/agora.xtec.cat\/ceip-santacreu-anglesola\/wp-json\/wp\/v2\/posts\/4811","targetHints":{"allow":["GET"]}}],"collection":[{"href":"https:\/\/agora.xtec.cat\/ceip-santacreu-anglesola\/wp-json\/wp\/v2\/posts"}],"about":[{"href":"https:\/\/agora.xtec.cat\/ceip-santacreu-anglesola\/wp-json\/wp\/v2\/types\/post"}],"author":[{"embeddable":true,"href":"https:\/\/agora.xtec.cat\/ceip-santacreu-anglesola\/wp-json\/wp\/v2\/users\/11"}],"replies":[{"embeddable":true,"href":"https:\/\/agora.xtec.cat\/ceip-santacreu-anglesola\/wp-json\/wp\/v2\/comments?post=4811"}],"version-history":[{"count":3,"href":"https:\/\/agora.xtec.cat\/ceip-santacreu-anglesola\/wp-json\/wp\/v2\/posts\/4811\/revisions"}],"predecessor-version":[{"id":4846,"href":"https:\/\/agora.xtec.cat\/ceip-santacreu-anglesola\/wp-json\/wp\/v2\/posts\/4811\/revisions\/4846"}],"wp:attachment":[{"href":"https:\/\/agora.xtec.cat\/ceip-santacreu-anglesola\/wp-json\/wp\/v2\/media?parent=4811"}],"wp:term":[{"taxonomy":"category","embeddable":true,"href":"https:\/\/agora.xtec.cat\/ceip-santacreu-anglesola\/wp-json\/wp\/v2\/categories?post=4811"},{"taxonomy":"post_tag","embeddable":true,"href":"https:\/\/agora.xtec.cat\/ceip-santacreu-anglesola\/wp-json\/wp\/v2\/tags?post=4811"}],"curies":[{"name":"wp","href":"https:\/\/api.w.org\/{rel}","templated":true}]}}