{"id":4773,"date":"2022-03-06T13:41:30","date_gmt":"2022-03-06T12:41:30","guid":{"rendered":"https:\/\/agora.xtec.cat\/ceip-santacreu-anglesola\/?p=4773"},"modified":"2022-03-06T13:41:38","modified_gmt":"2022-03-06T12:41:38","slug":"la-terra-i-la-lluna-alumnes-de-quart","status":"publish","type":"post","link":"https:\/\/agora.xtec.cat\/ceip-santacreu-anglesola\/general\/la-terra-i-la-lluna-alumnes-de-quart\/","title":{"rendered":"LA TERRA I LA LLUNA &#8211; ALUMNES DE QUART"},"content":{"rendered":"<p>Aquest trimestre els alumnes de quart hem estat treballant el tema de l&#8217;Univers:<strong> La Terra i la Lluna<\/strong> dins la mat\u00e8ria de Coneixement del Medi Social.<\/p>\n<p>Per entendre aquest sorprenent m\u00f3n de l&#8217;Univers, hem realitzat un lapbook-mural sobre aquest tema i hem fet diverses activitats a classe: hem utilitzat llibres, tablets, ordinador i hem apr\u00e8s a seleccionar informaci\u00f3 de diferents maneres i tamb\u00e9 a treballar en grups cooperatius.<\/p>\n<p>Finalment hem fet una breu exposici\u00f3 de cada treball als nostres companys del grup classe.<\/p>\n<p>Podeu clicar damunt la imatge per veure les fotos del nostre treball:<\/p>\n<p><a href=\"https:\/\/agora.xtec.cat\/ceip-santacreu-anglesola\/?p=4780&amp;preview=true\" target=\"_blank\" rel=\"noopener\"><img loading=\"lazy\" decoding=\"async\" class=\"aligncenter wp-image-4775\" src=\"https:\/\/agora.xtec.cat\/ceip-santacreu-anglesola\/wp-content\/uploads\/usu483\/2022\/03\/foto-portada-3.jpg\" alt=\"\" width=\"281\" height=\"240\" srcset=\"https:\/\/agora.xtec.cat\/ceip-santacreu-anglesola\/wp-content\/uploads\/usu483\/2022\/03\/foto-portada-3.jpg 1004w, https:\/\/agora.xtec.cat\/ceip-santacreu-anglesola\/wp-content\/uploads\/usu483\/2022\/03\/foto-portada-3-300x256.jpg 300w, https:\/\/agora.xtec.cat\/ceip-santacreu-anglesola\/wp-content\/uploads\/usu483\/2022\/03\/foto-portada-3-768x655.jpg 768w\" sizes=\"auto, (max-width: 281px) 100vw, 281px\" \/><\/a><\/p>\n<p>&nbsp;<\/p>\n","protected":false},"excerpt":{"rendered":"<p>Aquest trimestre els alumnes de quart hem estat treballant el tema de l&#8217;Univers: La Terra i la Lluna dins la mat\u00e8ria de Coneixement del Medi Social.<br \/>\nPer entendre aquest sorprenent m\u00f3n de l&#8217;Univers, hem realitzat un lapbook-mural sobre aquest tema i hem fet diverses activitats a&hellip;  <a href=\"https:\/\/agora.xtec.cat\/ceip-santacreu-anglesola\/general\/la-terra-i-la-lluna-alumnes-de-quart\/\" title=\"Read LA TERRA I LA LLUNA &#8211; ALUMNES DE QUART\">Llegeix m\u00e9s\u00bb<\/a><\/p>\n","protected":false},"author":16,"featured_media":4775,"comment_status":"open","ping_status":"closed","sticky":false,"template":"","format":"standard","meta":{"_bbp_topic_count":0,"_bbp_reply_count":0,"_bbp_total_topic_count":0,"_bbp_total_reply_count":0,"_bbp_voice_count":0,"_bbp_anonymous_reply_count":0,"_bbp_topic_count_hidden":0,"_bbp_reply_count_hidden":0,"_bbp_forum_subforum_count":0,"footnotes":""},"categories":[13,1,4],"tags":[],"class_list":["post-4773","post","type-post","status-publish","format-standard","has-post-thumbnail","hentry","category-4t","category-general","category-portada"],"post_mailing_queue_ids":[],"_links":{"self":[{"href":"https:\/\/agora.xtec.cat\/ceip-santacreu-anglesola\/wp-json\/wp\/v2\/posts\/4773","targetHints":{"allow":["GET"]}}],"collection":[{"href":"https:\/\/agora.xtec.cat\/ceip-santacreu-anglesola\/wp-json\/wp\/v2\/posts"}],"about":[{"href":"https:\/\/agora.xtec.cat\/ceip-santacreu-anglesola\/wp-json\/wp\/v2\/types\/post"}],"author":[{"embeddable":true,"href":"https:\/\/agora.xtec.cat\/ceip-santacreu-anglesola\/wp-json\/wp\/v2\/users\/16"}],"replies":[{"embeddable":true,"href":"https:\/\/agora.xtec.cat\/ceip-santacreu-anglesola\/wp-json\/wp\/v2\/comments?post=4773"}],"version-history":[{"count":3,"href":"https:\/\/agora.xtec.cat\/ceip-santacreu-anglesola\/wp-json\/wp\/v2\/posts\/4773\/revisions"}],"predecessor-version":[{"id":4787,"href":"https:\/\/agora.xtec.cat\/ceip-santacreu-anglesola\/wp-json\/wp\/v2\/posts\/4773\/revisions\/4787"}],"wp:featuredmedia":[{"embeddable":true,"href":"https:\/\/agora.xtec.cat\/ceip-santacreu-anglesola\/wp-json\/wp\/v2\/media\/4775"}],"wp:attachment":[{"href":"https:\/\/agora.xtec.cat\/ceip-santacreu-anglesola\/wp-json\/wp\/v2\/media?parent=4773"}],"wp:term":[{"taxonomy":"category","embeddable":true,"href":"https:\/\/agora.xtec.cat\/ceip-santacreu-anglesola\/wp-json\/wp\/v2\/categories?post=4773"},{"taxonomy":"post_tag","embeddable":true,"href":"https:\/\/agora.xtec.cat\/ceip-santacreu-anglesola\/wp-json\/wp\/v2\/tags?post=4773"}],"curies":[{"name":"wp","href":"https:\/\/api.w.org\/{rel}","templated":true}]}}