{"id":4742,"date":"2022-03-01T13:49:42","date_gmt":"2022-03-01T12:49:42","guid":{"rendered":"https:\/\/agora.xtec.cat\/ceip-santacreu-anglesola\/?p=4742"},"modified":"2022-03-18T16:34:57","modified_gmt":"2022-03-18T15:34:57","slug":"dia-de-les-llengues-maternes","status":"publish","type":"post","link":"https:\/\/agora.xtec.cat\/ceip-santacreu-anglesola\/general\/dia-de-les-llengues-maternes\/","title":{"rendered":"Dia de les Lleng\u00fces Maternes"},"content":{"rendered":"<p>El dia 21 de febrer \u00e9s el Dia de les Lleng\u00fces Maternes. A l&#8217;escola vam fer activitats dins de cada classe per parlar-ne i donar a con\u00e8ixer la diversitat ling\u00fc\u00edstica. Tamb\u00e9 vam remarcar la import\u00e0ncia de respectar i potenciar les lleng\u00fces per tal d&#8217;evitar la seva extinci\u00f3. A l&#8217;entrada de l&#8217;escola vam penjar 20 contes escrits en les seves lleng\u00fces i tradu\u00efts al catal\u00e0.<\/p>\n<p><a href=\"https:\/\/agora.xtec.cat\/ceip-santacreu-anglesola\/wp-content\/uploads\/usu483\/2022\/03\/IMG_1092-scaled.jpg\"><img loading=\"lazy\" decoding=\"async\" class=\"alignnone wp-image-4744\" src=\"https:\/\/agora.xtec.cat\/ceip-santacreu-anglesola\/wp-content\/uploads\/usu483\/2022\/03\/IMG_1092-1024x683.jpg\" alt=\"\" width=\"379\" height=\"253\" srcset=\"https:\/\/agora.xtec.cat\/ceip-santacreu-anglesola\/wp-content\/uploads\/usu483\/2022\/03\/IMG_1092-1024x683.jpg 1024w, https:\/\/agora.xtec.cat\/ceip-santacreu-anglesola\/wp-content\/uploads\/usu483\/2022\/03\/IMG_1092-300x200.jpg 300w, https:\/\/agora.xtec.cat\/ceip-santacreu-anglesola\/wp-content\/uploads\/usu483\/2022\/03\/IMG_1092-768x512.jpg 768w, https:\/\/agora.xtec.cat\/ceip-santacreu-anglesola\/wp-content\/uploads\/usu483\/2022\/03\/IMG_1092-1536x1024.jpg 1536w, https:\/\/agora.xtec.cat\/ceip-santacreu-anglesola\/wp-content\/uploads\/usu483\/2022\/03\/IMG_1092-2048x1365.jpg 2048w\" sizes=\"auto, (max-width: 379px) 100vw, 379px\" \/><\/a><\/p>\n<p>&nbsp;<\/p>\n","protected":false},"excerpt":{"rendered":"<p>El dia 21 de febrer \u00e9s el Dia de les Lleng\u00fces Maternes. A l&#8217;escola vam fer activitats dins de cada classe per parlar-ne i donar a con\u00e8ixer la diversitat ling\u00fc\u00edstica. Tamb\u00e9 vam remarcar la import\u00e0ncia de respectar i potenciar les lleng\u00fces per tal d&#8217;evitar la&hellip;  <a href=\"https:\/\/agora.xtec.cat\/ceip-santacreu-anglesola\/general\/dia-de-les-llengues-maternes\/\" title=\"Read Dia de les Lleng\u00fces Maternes\">Llegeix m\u00e9s\u00bb<\/a><\/p>\n","protected":false},"author":3,"featured_media":4744,"comment_status":"open","ping_status":"closed","sticky":false,"template":"","format":"standard","meta":{"_bbp_topic_count":0,"_bbp_reply_count":0,"_bbp_total_topic_count":0,"_bbp_total_reply_count":0,"_bbp_voice_count":0,"_bbp_anonymous_reply_count":0,"_bbp_topic_count_hidden":0,"_bbp_reply_count_hidden":0,"_bbp_forum_subforum_count":0,"footnotes":""},"categories":[1,4],"tags":[],"class_list":["post-4742","post","type-post","status-publish","format-standard","has-post-thumbnail","hentry","category-general","category-portada"],"post_mailing_queue_ids":[],"_links":{"self":[{"href":"https:\/\/agora.xtec.cat\/ceip-santacreu-anglesola\/wp-json\/wp\/v2\/posts\/4742","targetHints":{"allow":["GET"]}}],"collection":[{"href":"https:\/\/agora.xtec.cat\/ceip-santacreu-anglesola\/wp-json\/wp\/v2\/posts"}],"about":[{"href":"https:\/\/agora.xtec.cat\/ceip-santacreu-anglesola\/wp-json\/wp\/v2\/types\/post"}],"author":[{"embeddable":true,"href":"https:\/\/agora.xtec.cat\/ceip-santacreu-anglesola\/wp-json\/wp\/v2\/users\/3"}],"replies":[{"embeddable":true,"href":"https:\/\/agora.xtec.cat\/ceip-santacreu-anglesola\/wp-json\/wp\/v2\/comments?post=4742"}],"version-history":[{"count":1,"href":"https:\/\/agora.xtec.cat\/ceip-santacreu-anglesola\/wp-json\/wp\/v2\/posts\/4742\/revisions"}],"predecessor-version":[{"id":4745,"href":"https:\/\/agora.xtec.cat\/ceip-santacreu-anglesola\/wp-json\/wp\/v2\/posts\/4742\/revisions\/4745"}],"wp:featuredmedia":[{"embeddable":true,"href":"https:\/\/agora.xtec.cat\/ceip-santacreu-anglesola\/wp-json\/wp\/v2\/media\/4744"}],"wp:attachment":[{"href":"https:\/\/agora.xtec.cat\/ceip-santacreu-anglesola\/wp-json\/wp\/v2\/media?parent=4742"}],"wp:term":[{"taxonomy":"category","embeddable":true,"href":"https:\/\/agora.xtec.cat\/ceip-santacreu-anglesola\/wp-json\/wp\/v2\/categories?post=4742"},{"taxonomy":"post_tag","embeddable":true,"href":"https:\/\/agora.xtec.cat\/ceip-santacreu-anglesola\/wp-json\/wp\/v2\/tags?post=4742"}],"curies":[{"name":"wp","href":"https:\/\/api.w.org\/{rel}","templated":true}]}}