{"id":468,"date":"2018-02-28T16:46:35","date_gmt":"2018-02-28T15:46:35","guid":{"rendered":"http:\/\/agora.xtec.cat\/ceip-santacreu-anglesola\/?p=468"},"modified":"2018-02-28T16:50:30","modified_gmt":"2018-02-28T15:50:30","slug":"proverbis-per-reflexionar-i-creixer","status":"publish","type":"post","link":"https:\/\/agora.xtec.cat\/ceip-santacreu-anglesola\/educaciosocioemocional\/proverbis-per-reflexionar-i-creixer\/","title":{"rendered":"Proverbis per reflexionar i cr\u00e9ixer"},"content":{"rendered":"<p>Una altra manera d&#8217;endinsar-nos en el treball de les emocions \u00e9s a trav\u00e9s de la reflexi\u00f3. Per fer-ho, en els passadissos de l&#8217;escola i tamb\u00e9 als racons emocionals de les classes podem trobar proverbis per tal de portar a l&#8217;alumnat a la reflexi\u00f3. Alguns d&#8217;aquests proverbis s\u00f3n per a millorar l&#8217;empatia, per a motivar i agafar seguretat, i altres per educar per i en la toler\u00e0ncia i la cultura de la pau. Durant alguna sessi\u00f3 de tutoria, l&#8217;alumnat i el seu mestre o mestra corresponent passegen per l&#8217;escola i els van comentant. Alguns d&#8217;aquest proverbis s\u00f3n:<\/p>\n<p><a href=\"http:\/\/agora.xtec.cat\/ceip-santacreu-anglesola\/wp-content\/uploads\/usu483\/2018\/02\/DSC04758.jpg\"><img loading=\"lazy\" decoding=\"async\" class=\"alignnone wp-image-469\" src=\"http:\/\/agora.xtec.cat\/ceip-santacreu-anglesola\/wp-content\/uploads\/usu483\/2018\/02\/DSC04758.jpg\" alt=\"\" width=\"243\" height=\"182\" srcset=\"https:\/\/agora.xtec.cat\/ceip-santacreu-anglesola\/wp-content\/uploads\/usu483\/2018\/02\/DSC04758.jpg 600w, https:\/\/agora.xtec.cat\/ceip-santacreu-anglesola\/wp-content\/uploads\/usu483\/2018\/02\/DSC04758-300x225.jpg 300w, https:\/\/agora.xtec.cat\/ceip-santacreu-anglesola\/wp-content\/uploads\/usu483\/2018\/02\/DSC04758-200x150.jpg 200w\" sizes=\"auto, (max-width: 243px) 100vw, 243px\" \/><\/a><a href=\"http:\/\/agora.xtec.cat\/ceip-santacreu-anglesola\/wp-content\/uploads\/usu483\/2018\/02\/DSC04781.jpg\"><img loading=\"lazy\" decoding=\"async\" class=\"alignnone wp-image-470\" src=\"http:\/\/agora.xtec.cat\/ceip-santacreu-anglesola\/wp-content\/uploads\/usu483\/2018\/02\/DSC04781.jpg\" alt=\"\" width=\"243\" height=\"182\" srcset=\"https:\/\/agora.xtec.cat\/ceip-santacreu-anglesola\/wp-content\/uploads\/usu483\/2018\/02\/DSC04781.jpg 600w, https:\/\/agora.xtec.cat\/ceip-santacreu-anglesola\/wp-content\/uploads\/usu483\/2018\/02\/DSC04781-300x225.jpg 300w, https:\/\/agora.xtec.cat\/ceip-santacreu-anglesola\/wp-content\/uploads\/usu483\/2018\/02\/DSC04781-200x150.jpg 200w\" sizes=\"auto, (max-width: 243px) 100vw, 243px\" \/><\/a><a href=\"http:\/\/agora.xtec.cat\/ceip-santacreu-anglesola\/wp-content\/uploads\/usu483\/2018\/02\/CIMG3580.jpg\"><img loading=\"lazy\" decoding=\"async\" class=\"alignnone wp-image-471\" src=\"http:\/\/agora.xtec.cat\/ceip-santacreu-anglesola\/wp-content\/uploads\/usu483\/2018\/02\/CIMG3580.jpg\" alt=\"\" width=\"246\" height=\"184\" srcset=\"https:\/\/agora.xtec.cat\/ceip-santacreu-anglesola\/wp-content\/uploads\/usu483\/2018\/02\/CIMG3580.jpg 640w, https:\/\/agora.xtec.cat\/ceip-santacreu-anglesola\/wp-content\/uploads\/usu483\/2018\/02\/CIMG3580-300x225.jpg 300w, https:\/\/agora.xtec.cat\/ceip-santacreu-anglesola\/wp-content\/uploads\/usu483\/2018\/02\/CIMG3580-200x150.jpg 200w\" sizes=\"auto, (max-width: 246px) 100vw, 246px\" \/><\/a><img loading=\"lazy\" decoding=\"async\" class=\"alignnone wp-image-168\" src=\"http:\/\/blocs.xtec.cat\/erasmusplus\/files\/2017\/05\/DSC04787.jpg\" alt=\"DSC04787\" width=\"244\" height=\"183\" \/><\/p>\n<p>&nbsp;<\/p>\n","protected":false},"excerpt":{"rendered":"<p>Una altra manera d&#8217;endinsar-nos en el treball de les emocions \u00e9s a trav\u00e9s de la reflexi\u00f3. Per fer-ho, en els passadissos de l&#8217;escola i tamb\u00e9 als racons emocionals de les classes podem trobar proverbis per tal de portar a l&#8217;alumnat a la reflexi\u00f3. Alguns d&#8217;aquests&hellip;  <a href=\"https:\/\/agora.xtec.cat\/ceip-santacreu-anglesola\/educaciosocioemocional\/proverbis-per-reflexionar-i-creixer\/\" title=\"Read Proverbis per reflexionar i cr\u00e9ixer\">Llegeix m\u00e9s\u00bb<\/a><\/p>\n","protected":false},"author":3,"featured_media":469,"comment_status":"open","ping_status":"closed","sticky":false,"template":"","format":"standard","meta":{"_bbp_topic_count":0,"_bbp_reply_count":0,"_bbp_total_topic_count":0,"_bbp_total_reply_count":0,"_bbp_voice_count":0,"_bbp_anonymous_reply_count":0,"_bbp_topic_count_hidden":0,"_bbp_reply_count_hidden":0,"_bbp_forum_subforum_count":0,"footnotes":""},"categories":[46],"tags":[],"class_list":["post-468","post","type-post","status-publish","format-standard","has-post-thumbnail","hentry","category-educaciosocioemocional"],"post_mailing_queue_ids":[],"_links":{"self":[{"href":"https:\/\/agora.xtec.cat\/ceip-santacreu-anglesola\/wp-json\/wp\/v2\/posts\/468","targetHints":{"allow":["GET"]}}],"collection":[{"href":"https:\/\/agora.xtec.cat\/ceip-santacreu-anglesola\/wp-json\/wp\/v2\/posts"}],"about":[{"href":"https:\/\/agora.xtec.cat\/ceip-santacreu-anglesola\/wp-json\/wp\/v2\/types\/post"}],"author":[{"embeddable":true,"href":"https:\/\/agora.xtec.cat\/ceip-santacreu-anglesola\/wp-json\/wp\/v2\/users\/3"}],"replies":[{"embeddable":true,"href":"https:\/\/agora.xtec.cat\/ceip-santacreu-anglesola\/wp-json\/wp\/v2\/comments?post=468"}],"version-history":[{"count":2,"href":"https:\/\/agora.xtec.cat\/ceip-santacreu-anglesola\/wp-json\/wp\/v2\/posts\/468\/revisions"}],"predecessor-version":[{"id":473,"href":"https:\/\/agora.xtec.cat\/ceip-santacreu-anglesola\/wp-json\/wp\/v2\/posts\/468\/revisions\/473"}],"wp:featuredmedia":[{"embeddable":true,"href":"https:\/\/agora.xtec.cat\/ceip-santacreu-anglesola\/wp-json\/wp\/v2\/media\/469"}],"wp:attachment":[{"href":"https:\/\/agora.xtec.cat\/ceip-santacreu-anglesola\/wp-json\/wp\/v2\/media?parent=468"}],"wp:term":[{"taxonomy":"category","embeddable":true,"href":"https:\/\/agora.xtec.cat\/ceip-santacreu-anglesola\/wp-json\/wp\/v2\/categories?post=468"},{"taxonomy":"post_tag","embeddable":true,"href":"https:\/\/agora.xtec.cat\/ceip-santacreu-anglesola\/wp-json\/wp\/v2\/tags?post=468"}],"curies":[{"name":"wp","href":"https:\/\/api.w.org\/{rel}","templated":true}]}}