{"id":4579,"date":"2021-12-21T17:30:59","date_gmt":"2021-12-21T16:30:59","guid":{"rendered":"https:\/\/agora.xtec.cat\/ceip-santacreu-anglesola\/?p=4579"},"modified":"2021-12-21T17:32:24","modified_gmt":"2021-12-21T16:32:24","slug":"treball-de-lesquema-corporal-a-p3-en-kuais-2","status":"publish","type":"post","link":"https:\/\/agora.xtec.cat\/ceip-santacreu-anglesola\/general\/treball-de-lesquema-corporal-a-p3-en-kuais-2\/","title":{"rendered":"Treball de l&#8217;esquema corporal a P3: EN KUAIS"},"content":{"rendered":"<p>A<span style=\"color: #ff00ff;\"> P3<\/span> fem especial \u00e8mfasi en l&#8217;esquema corporal.\u00a0<span style=\"font-family: inherit; font-size: 1em; line-height: 1.6;\">Per treballar-lo tenim la gran ajuda d&#8217;en <span style=\"color: #ff00ff;\"><strong>KUAIS<\/strong> <\/span>(un personatge que ve de les estrelles) i\u00a0 que cada setmana o dues setmanes ens va enviant una part del seu cos. Comen\u00e7ant pel cap i seguint pels ulls, nas, boca, orelles cabells, coll, cos, bra\u00e7os, mans, cames\u00a0i peus&#8230;<\/span><\/p>\n<p>Cada viatge que fa ens proposa\u00a0un seguit d&#8217;activitats molt divertides i vivencials per anar adquirint la descoberta del propi cos i la dels altres. En acabar cadascuna de les activitats\u00a0proposa dibuixar la part del cos que ha arribat.<\/p>\n<p>Al final\u00a0del viatge aprenen com s\u00f3n, en qu\u00e8 s&#8217;assemblen els uns als altres, les difer\u00e8ncies, quines parts t\u00e9 el cos i com s\u00f3n.<\/p>\n<p><a href=\"https:\/\/agora.xtec.cat\/ceip-santacreu-anglesola\/?p=4582&amp;preview=true\"><img loading=\"lazy\" decoding=\"async\" class=\"alignnone wp-image-4580\" src=\"https:\/\/agora.xtec.cat\/ceip-santacreu-anglesola\/wp-content\/uploads\/usu483\/2021\/12\/MURAL-KUAIS-300x232.jpg\" alt=\"\" width=\"396\" height=\"306\" \/><\/a><\/p>\n<p>&nbsp;<\/p>\n","protected":false},"excerpt":{"rendered":"<p>A P3 fem especial \u00e8mfasi en l&#8217;esquema corporal.\u00a0Per treballar-lo tenim la gran ajuda d&#8217;en KUAIS (un personatge que ve de les estrelles) i\u00a0 que cada setmana o dues setmanes ens va enviant una part del seu cos. Comen\u00e7ant pel cap i seguint pels ulls, nas,&hellip;  <a href=\"https:\/\/agora.xtec.cat\/ceip-santacreu-anglesola\/general\/treball-de-lesquema-corporal-a-p3-en-kuais-2\/\" title=\"Read Treball de l&#8217;esquema corporal a P3: EN KUAIS\">Llegeix m\u00e9s\u00bb<\/a><\/p>\n","protected":false},"author":1,"featured_media":4580,"comment_status":"open","ping_status":"closed","sticky":false,"template":"","format":"standard","meta":{"_bbp_topic_count":0,"_bbp_reply_count":0,"_bbp_total_topic_count":0,"_bbp_total_reply_count":0,"_bbp_voice_count":0,"_bbp_anonymous_reply_count":0,"_bbp_topic_count_hidden":0,"_bbp_reply_count_hidden":0,"_bbp_forum_subforum_count":0,"footnotes":""},"categories":[1,4],"tags":[],"class_list":["post-4579","post","type-post","status-publish","format-standard","has-post-thumbnail","hentry","category-general","category-portada"],"post_mailing_queue_ids":[],"_links":{"self":[{"href":"https:\/\/agora.xtec.cat\/ceip-santacreu-anglesola\/wp-json\/wp\/v2\/posts\/4579","targetHints":{"allow":["GET"]}}],"collection":[{"href":"https:\/\/agora.xtec.cat\/ceip-santacreu-anglesola\/wp-json\/wp\/v2\/posts"}],"about":[{"href":"https:\/\/agora.xtec.cat\/ceip-santacreu-anglesola\/wp-json\/wp\/v2\/types\/post"}],"author":[{"embeddable":true,"href":"https:\/\/agora.xtec.cat\/ceip-santacreu-anglesola\/wp-json\/wp\/v2\/users\/1"}],"replies":[{"embeddable":true,"href":"https:\/\/agora.xtec.cat\/ceip-santacreu-anglesola\/wp-json\/wp\/v2\/comments?post=4579"}],"version-history":[{"count":2,"href":"https:\/\/agora.xtec.cat\/ceip-santacreu-anglesola\/wp-json\/wp\/v2\/posts\/4579\/revisions"}],"predecessor-version":[{"id":4585,"href":"https:\/\/agora.xtec.cat\/ceip-santacreu-anglesola\/wp-json\/wp\/v2\/posts\/4579\/revisions\/4585"}],"wp:featuredmedia":[{"embeddable":true,"href":"https:\/\/agora.xtec.cat\/ceip-santacreu-anglesola\/wp-json\/wp\/v2\/media\/4580"}],"wp:attachment":[{"href":"https:\/\/agora.xtec.cat\/ceip-santacreu-anglesola\/wp-json\/wp\/v2\/media?parent=4579"}],"wp:term":[{"taxonomy":"category","embeddable":true,"href":"https:\/\/agora.xtec.cat\/ceip-santacreu-anglesola\/wp-json\/wp\/v2\/categories?post=4579"},{"taxonomy":"post_tag","embeddable":true,"href":"https:\/\/agora.xtec.cat\/ceip-santacreu-anglesola\/wp-json\/wp\/v2\/tags?post=4579"}],"curies":[{"name":"wp","href":"https:\/\/api.w.org\/{rel}","templated":true}]}}