{"id":4537,"date":"2021-12-17T15:41:36","date_gmt":"2021-12-17T14:41:36","guid":{"rendered":"https:\/\/agora.xtec.cat\/ceip-santacreu-anglesola\/?p=4537"},"modified":"2021-12-17T19:54:18","modified_gmt":"2021-12-17T18:54:18","slug":"comiat-a-la-senyoreta-carme","status":"publish","type":"post","link":"https:\/\/agora.xtec.cat\/ceip-santacreu-anglesola\/general\/comiat-a-la-senyoreta-carme\/","title":{"rendered":"Comiat a la senyoreta Carme Jov\u00e9"},"content":{"rendered":"<p>El passat dilluns dia 13 la senyoreta Carme es va acomiadar de l&#8217;escola despr\u00e9s d&#8217;una pila d&#8217;anys voltant entre els passadissos, aules i patis&#8230; han sigut molts anys compartits amb ella, aprenent del seu saber fer i la seva professionalitat&#8230; i qu\u00e8 dir amb els alumnes? Una MESTRA amb totes les lletres, que s&#8217;ha deixat la pell amb cada alumne que portava entre mans, on la const\u00e0ncia i la perseveran\u00e7a anaven agafades de la m\u00e0.<\/p>\n<p>Des de les aules, cada curs li vam voler oferir un detallet fet amb tota l&#8217;estimaci\u00f3 que sentim cap a ella. Senyoreta Carme, com b\u00e9 tu dius, ens veurem pel carrer, per\u00f2 que s\u00e0pigues que formes part de la gran hist\u00f2ria de l&#8217;Escola Santa Creu i les seves portes estaran sempre obertes per tu! Vine a veure&#8217;ns quan vulguis que una abra\u00e7ada sempre la tindr\u00e0s!<\/p>\n<p>Molta sort en aquesta nova etapa i salut!<\/p>\n<p><a href=\"https:\/\/agora.xtec.cat\/ceip-santacreu-anglesola\/?p=4546&amp;preview=true\"><img loading=\"lazy\" decoding=\"async\" class=\"alignnone wp-image-4544 \" src=\"https:\/\/agora.xtec.cat\/ceip-santacreu-anglesola\/wp-content\/uploads\/usu483\/2021\/12\/cartell.jpg\" alt=\"\" width=\"268\" height=\"194\" \/><\/a><\/p>\n<p>&nbsp;<\/p>\n","protected":false},"excerpt":{"rendered":"<p>El passat dilluns dia 13 la senyoreta Carme es va acomiadar de l&#8217;escola despr\u00e9s d&#8217;una pila d&#8217;anys voltant entre els passadissos, aules i patis&#8230; han sigut molts anys compartits amb ella, aprenent del seu saber fer i la seva professionalitat&#8230; i qu\u00e8 dir amb els&hellip;  <a href=\"https:\/\/agora.xtec.cat\/ceip-santacreu-anglesola\/general\/comiat-a-la-senyoreta-carme\/\" title=\"Read Comiat a la senyoreta Carme Jov\u00e9\">Llegeix m\u00e9s\u00bb<\/a><\/p>\n","protected":false},"author":1,"featured_media":4544,"comment_status":"open","ping_status":"closed","sticky":false,"template":"","format":"standard","meta":{"_bbp_topic_count":0,"_bbp_reply_count":0,"_bbp_total_topic_count":0,"_bbp_total_reply_count":0,"_bbp_voice_count":0,"_bbp_anonymous_reply_count":0,"_bbp_topic_count_hidden":0,"_bbp_reply_count_hidden":0,"_bbp_forum_subforum_count":0,"footnotes":""},"categories":[1,4],"tags":[],"class_list":["post-4537","post","type-post","status-publish","format-standard","has-post-thumbnail","hentry","category-general","category-portada"],"post_mailing_queue_ids":[],"_links":{"self":[{"href":"https:\/\/agora.xtec.cat\/ceip-santacreu-anglesola\/wp-json\/wp\/v2\/posts\/4537","targetHints":{"allow":["GET"]}}],"collection":[{"href":"https:\/\/agora.xtec.cat\/ceip-santacreu-anglesola\/wp-json\/wp\/v2\/posts"}],"about":[{"href":"https:\/\/agora.xtec.cat\/ceip-santacreu-anglesola\/wp-json\/wp\/v2\/types\/post"}],"author":[{"embeddable":true,"href":"https:\/\/agora.xtec.cat\/ceip-santacreu-anglesola\/wp-json\/wp\/v2\/users\/1"}],"replies":[{"embeddable":true,"href":"https:\/\/agora.xtec.cat\/ceip-santacreu-anglesola\/wp-json\/wp\/v2\/comments?post=4537"}],"version-history":[{"count":4,"href":"https:\/\/agora.xtec.cat\/ceip-santacreu-anglesola\/wp-json\/wp\/v2\/posts\/4537\/revisions"}],"predecessor-version":[{"id":4556,"href":"https:\/\/agora.xtec.cat\/ceip-santacreu-anglesola\/wp-json\/wp\/v2\/posts\/4537\/revisions\/4556"}],"wp:featuredmedia":[{"embeddable":true,"href":"https:\/\/agora.xtec.cat\/ceip-santacreu-anglesola\/wp-json\/wp\/v2\/media\/4544"}],"wp:attachment":[{"href":"https:\/\/agora.xtec.cat\/ceip-santacreu-anglesola\/wp-json\/wp\/v2\/media?parent=4537"}],"wp:term":[{"taxonomy":"category","embeddable":true,"href":"https:\/\/agora.xtec.cat\/ceip-santacreu-anglesola\/wp-json\/wp\/v2\/categories?post=4537"},{"taxonomy":"post_tag","embeddable":true,"href":"https:\/\/agora.xtec.cat\/ceip-santacreu-anglesola\/wp-json\/wp\/v2\/tags?post=4537"}],"curies":[{"name":"wp","href":"https:\/\/api.w.org\/{rel}","templated":true}]}}