{"id":4504,"date":"2021-12-17T20:00:08","date_gmt":"2021-12-17T19:00:08","guid":{"rendered":"https:\/\/agora.xtec.cat\/ceip-santacreu-anglesola\/?p=4504"},"modified":"2021-12-17T20:04:13","modified_gmt":"2021-12-17T19:04:13","slug":"musica-classica-a-5e-2","status":"publish","type":"post","link":"https:\/\/agora.xtec.cat\/ceip-santacreu-anglesola\/general\/musica-classica-a-5e-2\/","title":{"rendered":"M\u00fasica cl\u00e0ssica a 5\u00e8"},"content":{"rendered":"<p>A la classe de 5\u00e8 hem treballat alguns dels compositors m\u00e9s destacats de la m\u00fasica cl\u00e0ssica. Cada infant s&#8217;ha hagut de preparar un compositor i fer una exposici\u00f3 oral a classe.\u00a0<span id=\"yui_3_17_2_1_1639333352507_1133\">Tot l&#8217;alumnat ha fet unes presentacions molt interessants. Per\u00f2 tots els compositors presentats han estat\u00a0 homes, cap dona, perqu\u00e8 la col\u00b7lecci\u00f3 de llibres utilitzats per a fer el treball nom\u00e9s parla d&#8217;alguns dels compositors m\u00e9s destacats de la m\u00fasica cl\u00e0ssica. I aix\u00f2 \u00e9s perqu\u00e8 les dones tamb\u00e9 van estar en un segon pla o silenciades en el m\u00f3n de la m\u00fasica durant molt temps, massa temps. De m\u00fasica coneguda com m\u00fasica cl\u00e0ssica tamb\u00e9 n&#8217; hi ha de compositores. En aquest article en teniu algunes. <\/span><\/p>\n<div class=\"mediaplugin mediaplugin_videojs d-block\">\n<div id=\"id_videojs_61b63de4c0199_19\" class=\"video-js vjs-paused vjs-fluid id_videojs_61b63de4c0199_19-dimensions vjs-controls-enabled vjs-workinghover vjs-v7 vjs-user-active vjs-youtube\" lang=\"ca\" tabindex=\"-1\" title=\"watch\" role=\"region\" data-setup-lazy=\"{&quot;techOrder&quot;: [&quot;youtube&quot;], &quot;sources&quot;: [{&quot;type&quot;: &quot;video\/youtube&quot;, &quot;src&quot;:&quot;https:\/\/www.youtube.com\/watch?v=DmHhvpbxoNM&quot;}], &quot;language&quot;: &quot;ca&quot;, &quot;fluid&quot;: true}\" aria-label=\"Video Player\">\n<div class=\"mediaplugin mediaplugin_videojs d-block\">\n<div id=\"id_videojs_61b63de4c01f2_20\" class=\"video-js vjs-paused vjs-fluid id_videojs_61b63de4c01f2_20-dimensions vjs-controls-enabled vjs-workinghover vjs-v7 vjs-user-active vjs-youtube\" lang=\"ca\" tabindex=\"-1\" title=\"watch\" role=\"region\" data-setup-lazy=\"{&quot;techOrder&quot;: [&quot;youtube&quot;], &quot;sources&quot;: [{&quot;type&quot;: &quot;video\/youtube&quot;, &quot;src&quot;:&quot;https:\/\/www.youtube.com\/watch?v=SX1-wNcrzsk&quot;}], &quot;language&quot;: &quot;ca&quot;, &quot;fluid&quot;: true}\" aria-label=\"Video Player\">\n<div class=\"mediaplugin mediaplugin_videojs d-block\">\n<div id=\"id_videojs_61b63de4c0248_21\" class=\"video-js vjs-paused vjs-fluid id_videojs_61b63de4c0248_21-dimensions vjs-controls-enabled vjs-workinghover vjs-v7 vjs-user-active vjs-youtube\" lang=\"ca\" tabindex=\"-1\" title=\"watch\" role=\"region\" data-setup-lazy=\"{&quot;techOrder&quot;: [&quot;youtube&quot;], &quot;sources&quot;: [{&quot;type&quot;: &quot;video\/youtube&quot;, &quot;src&quot;:&quot;https:\/\/www.youtube.com\/watch?v=fMlmJ94WcUs&quot;}], &quot;language&quot;: &quot;ca&quot;, &quot;fluid&quot;: true}\" aria-label=\"Video Player\">\n<p>Cliqueu a la partitura per poder veure l&#8217;article sencer.<\/p>\n<p><a href=\"https:\/\/agora.xtec.cat\/ceip-santacreu-anglesola\/general\/musica-classica-a-5e\/ \"><img loading=\"lazy\" decoding=\"async\" class=\"alignnone\" src=\"https:\/\/static1.abc.es\/Media\/201403\/07\/notasmusicales2--644x362.jpg\" alt=\"Incapaces de sentir la m\u00fasica\" width=\"342\" height=\"192\" \/><\/a><\/p>\n<\/div>\n<\/div>\n<\/div>\n<\/div>\n<\/div>\n<\/div>\n","protected":false},"excerpt":{"rendered":"<p>A la classe de 5\u00e8 hem treballat alguns dels compositors m\u00e9s destacats de la m\u00fasica cl\u00e0ssica. Cada infant s&#8217;ha hagut de preparar un compositor i fer una exposici\u00f3 oral a classe.\u00a0Tot l&#8217;alumnat ha fet unes presentacions molt interessants. Per\u00f2 tots els compositors presentats han estat\u00a0&hellip;  <a href=\"https:\/\/agora.xtec.cat\/ceip-santacreu-anglesola\/general\/musica-classica-a-5e-2\/\" title=\"Read M\u00fasica cl\u00e0ssica a 5\u00e8\">Llegeix m\u00e9s\u00bb<\/a><\/p>\n","protected":false},"author":3,"featured_media":0,"comment_status":"open","ping_status":"closed","sticky":false,"template":"","format":"standard","meta":{"_bbp_topic_count":0,"_bbp_reply_count":0,"_bbp_total_topic_count":0,"_bbp_total_reply_count":0,"_bbp_voice_count":0,"_bbp_anonymous_reply_count":0,"_bbp_topic_count_hidden":0,"_bbp_reply_count_hidden":0,"_bbp_forum_subforum_count":0,"footnotes":""},"categories":[1,4],"tags":[],"class_list":["post-4504","post","type-post","status-publish","format-standard","hentry","category-general","category-portada"],"post_mailing_queue_ids":[],"_links":{"self":[{"href":"https:\/\/agora.xtec.cat\/ceip-santacreu-anglesola\/wp-json\/wp\/v2\/posts\/4504","targetHints":{"allow":["GET"]}}],"collection":[{"href":"https:\/\/agora.xtec.cat\/ceip-santacreu-anglesola\/wp-json\/wp\/v2\/posts"}],"about":[{"href":"https:\/\/agora.xtec.cat\/ceip-santacreu-anglesola\/wp-json\/wp\/v2\/types\/post"}],"author":[{"embeddable":true,"href":"https:\/\/agora.xtec.cat\/ceip-santacreu-anglesola\/wp-json\/wp\/v2\/users\/3"}],"replies":[{"embeddable":true,"href":"https:\/\/agora.xtec.cat\/ceip-santacreu-anglesola\/wp-json\/wp\/v2\/comments?post=4504"}],"version-history":[{"count":3,"href":"https:\/\/agora.xtec.cat\/ceip-santacreu-anglesola\/wp-json\/wp\/v2\/posts\/4504\/revisions"}],"predecessor-version":[{"id":4559,"href":"https:\/\/agora.xtec.cat\/ceip-santacreu-anglesola\/wp-json\/wp\/v2\/posts\/4504\/revisions\/4559"}],"wp:attachment":[{"href":"https:\/\/agora.xtec.cat\/ceip-santacreu-anglesola\/wp-json\/wp\/v2\/media?parent=4504"}],"wp:term":[{"taxonomy":"category","embeddable":true,"href":"https:\/\/agora.xtec.cat\/ceip-santacreu-anglesola\/wp-json\/wp\/v2\/categories?post=4504"},{"taxonomy":"post_tag","embeddable":true,"href":"https:\/\/agora.xtec.cat\/ceip-santacreu-anglesola\/wp-json\/wp\/v2\/tags?post=4504"}],"curies":[{"name":"wp","href":"https:\/\/api.w.org\/{rel}","templated":true}]}}