{"id":4475,"date":"2021-12-10T14:01:04","date_gmt":"2021-12-10T13:01:04","guid":{"rendered":"https:\/\/agora.xtec.cat\/ceip-santacreu-anglesola\/?p=4475"},"modified":"2021-12-10T14:04:11","modified_gmt":"2021-12-10T13:04:11","slug":"calendari-dadvent","status":"publish","type":"post","link":"https:\/\/agora.xtec.cat\/ceip-santacreu-anglesola\/general\/calendari-dadvent\/","title":{"rendered":"Calendari d&#8217;advent"},"content":{"rendered":"<p>Arriba el desembre i amb ell la preparaci\u00f3 de la festa m\u00e9s emocionant de l&#8217;any&#8230; una de les activitats que organitzem \u00e9s el calendari d&#8217;advent on cada dia, comen\u00e7ant pel dia 1 fins al 22 ens espera una sorpresa per realitzar amb els companys i companyes de la classe.<\/p>\n<p>Seran 22 activitats emocionals, de treball cooperatiu, de cohesi\u00f3 de grup on compartirem una bona estona plegats jugant i rient. Ens esperen moments de germanor i connexi\u00f3 entre tots.<\/p>\n<p>Christmas is coming!!\ud83d\udc96\ud83c\udf84\ud83c\udf85<\/p>\n<p><a href=\"https:\/\/agora.xtec.cat\/ceip-santacreu-anglesola\/wp-content\/uploads\/usu483\/2021\/12\/Calendari.jpg\"><img loading=\"lazy\" decoding=\"async\" class=\"wp-image-4488 aligncenter\" src=\"https:\/\/agora.xtec.cat\/ceip-santacreu-anglesola\/wp-content\/uploads\/usu483\/2021\/12\/Calendari-1024x768.jpg\" alt=\"\" width=\"625\" height=\"468\" srcset=\"https:\/\/agora.xtec.cat\/ceip-santacreu-anglesola\/wp-content\/uploads\/usu483\/2021\/12\/Calendari-1024x768.jpg 1024w, https:\/\/agora.xtec.cat\/ceip-santacreu-anglesola\/wp-content\/uploads\/usu483\/2021\/12\/Calendari-300x225.jpg 300w, https:\/\/agora.xtec.cat\/ceip-santacreu-anglesola\/wp-content\/uploads\/usu483\/2021\/12\/Calendari-768x576.jpg 768w, https:\/\/agora.xtec.cat\/ceip-santacreu-anglesola\/wp-content\/uploads\/usu483\/2021\/12\/Calendari-1536x1152.jpg 1536w, https:\/\/agora.xtec.cat\/ceip-santacreu-anglesola\/wp-content\/uploads\/usu483\/2021\/12\/Calendari-200x150.jpg 200w, https:\/\/agora.xtec.cat\/ceip-santacreu-anglesola\/wp-content\/uploads\/usu483\/2021\/12\/Calendari.jpg 1672w\" sizes=\"auto, (max-width: 625px) 100vw, 625px\" \/><\/a><\/p>\n","protected":false},"excerpt":{"rendered":"<p>Arriba el desembre i amb ell la preparaci\u00f3 de la festa m\u00e9s emocionant de l&#8217;any&#8230; una de les activitats que organitzem \u00e9s el calendari d&#8217;advent on cada dia, comen\u00e7ant pel dia 1 fins al 22 ens espera una sorpresa per realitzar amb els companys i&hellip;  <a href=\"https:\/\/agora.xtec.cat\/ceip-santacreu-anglesola\/general\/calendari-dadvent\/\" title=\"Read Calendari d&#8217;advent\">Llegeix m\u00e9s\u00bb<\/a><\/p>\n","protected":false},"author":1,"featured_media":4488,"comment_status":"open","ping_status":"closed","sticky":false,"template":"","format":"standard","meta":{"_bbp_topic_count":0,"_bbp_reply_count":0,"_bbp_total_topic_count":0,"_bbp_total_reply_count":0,"_bbp_voice_count":0,"_bbp_anonymous_reply_count":0,"_bbp_topic_count_hidden":0,"_bbp_reply_count_hidden":0,"_bbp_forum_subforum_count":0,"footnotes":""},"categories":[1,2,4,5],"tags":[],"class_list":["post-4475","post","type-post","status-publish","format-standard","has-post-thumbnail","hentry","category-general","category-infantil","category-portada","category-primaria"],"post_mailing_queue_ids":[],"_links":{"self":[{"href":"https:\/\/agora.xtec.cat\/ceip-santacreu-anglesola\/wp-json\/wp\/v2\/posts\/4475","targetHints":{"allow":["GET"]}}],"collection":[{"href":"https:\/\/agora.xtec.cat\/ceip-santacreu-anglesola\/wp-json\/wp\/v2\/posts"}],"about":[{"href":"https:\/\/agora.xtec.cat\/ceip-santacreu-anglesola\/wp-json\/wp\/v2\/types\/post"}],"author":[{"embeddable":true,"href":"https:\/\/agora.xtec.cat\/ceip-santacreu-anglesola\/wp-json\/wp\/v2\/users\/1"}],"replies":[{"embeddable":true,"href":"https:\/\/agora.xtec.cat\/ceip-santacreu-anglesola\/wp-json\/wp\/v2\/comments?post=4475"}],"version-history":[{"count":4,"href":"https:\/\/agora.xtec.cat\/ceip-santacreu-anglesola\/wp-json\/wp\/v2\/posts\/4475\/revisions"}],"predecessor-version":[{"id":4491,"href":"https:\/\/agora.xtec.cat\/ceip-santacreu-anglesola\/wp-json\/wp\/v2\/posts\/4475\/revisions\/4491"}],"wp:featuredmedia":[{"embeddable":true,"href":"https:\/\/agora.xtec.cat\/ceip-santacreu-anglesola\/wp-json\/wp\/v2\/media\/4488"}],"wp:attachment":[{"href":"https:\/\/agora.xtec.cat\/ceip-santacreu-anglesola\/wp-json\/wp\/v2\/media?parent=4475"}],"wp:term":[{"taxonomy":"category","embeddable":true,"href":"https:\/\/agora.xtec.cat\/ceip-santacreu-anglesola\/wp-json\/wp\/v2\/categories?post=4475"},{"taxonomy":"post_tag","embeddable":true,"href":"https:\/\/agora.xtec.cat\/ceip-santacreu-anglesola\/wp-json\/wp\/v2\/tags?post=4475"}],"curies":[{"name":"wp","href":"https:\/\/api.w.org\/{rel}","templated":true}]}}