{"id":4468,"date":"2021-12-03T23:55:59","date_gmt":"2021-12-03T22:55:59","guid":{"rendered":"https:\/\/agora.xtec.cat\/ceip-santacreu-anglesola\/?p=4468"},"modified":"2021-12-03T23:57:05","modified_gmt":"2021-12-03T22:57:05","slug":"setmana-europea-de-la-prevencio-de-residus-a-lescola","status":"publish","type":"post","link":"https:\/\/agora.xtec.cat\/ceip-santacreu-anglesola\/general\/setmana-europea-de-la-prevencio-de-residus-a-lescola\/","title":{"rendered":"SETMANA EUROPEA DE LA PREVENCI\u00d3 DE RESIDUS A L&#8217;ESCOLA"},"content":{"rendered":"<p>Els alumnes de l&#8217;escola, com cada any, hem participat en la <strong>Setmana Europea de la Prevenci\u00f3 de Residus <\/strong>que aquest any es celebra del 20 al 28 de novembre.<\/p>\n<p>La tem\u00e0tica d\u2019aquest any \u00e9s <strong>Comunitats Circulars,<\/strong> que t\u00e9 com a objectiu treballar plegats per un planeta residus zero, amb el lema <em>\u201c<\/em><strong><em>Suma\u2019t a un m\u00f3n amb menys residus\u201d<\/em><\/strong><em>,\u00a0 <\/em>fent refer\u00e8ncia a la gran quantitat de residus que es generen al llarg de la vida \u00fatil dels productes.<\/p>\n<p>Aquesta campanya l&#8217;hem realitzat per a sensibilitzar tota la comunitat educativa a potenciar la reducci\u00f3 de residus i aconseguir una escola m\u00e9s sostenible i implicada amb el medi.<\/p>\n<p>Ja hem vist les vostres accions col.laborant en la reducci\u00f3 de residus, el reciclatge, la reutilitzaci\u00f3 i l&#8217;estalvi energ\u00e8tic a les vostres llars. Els vostres fills\/es han dibuixat i explicat les accions que poseu en pr\u00e0ctica per tal d&#8217;afavorir la conservaci\u00f3 i respecte pel medi ambient. Aquestes accions sostenibles les hem compartit a l&#8217;escola i les hem exposat al nostre <strong>Rac\u00f3 Verd<\/strong>.Us en deixem una mostra perqu\u00e8 pugueu veure quin mural m\u00e9s bonic ens ha quedat.<\/p>\n<p><a href=\"https:\/\/photos.app.goo.gl\/EnTTPZU4vw9q76pA7\" target=\"_blank\" rel=\"noopener\"><img loading=\"lazy\" decoding=\"async\" class=\"wp-image-4472 aligncenter\" src=\"https:\/\/agora.xtec.cat\/ceip-santacreu-anglesola\/wp-content\/uploads\/usu483\/2021\/12\/LOGO.jpg\" alt=\"\" width=\"419\" height=\"249\" srcset=\"https:\/\/agora.xtec.cat\/ceip-santacreu-anglesola\/wp-content\/uploads\/usu483\/2021\/12\/LOGO.jpg 339w, https:\/\/agora.xtec.cat\/ceip-santacreu-anglesola\/wp-content\/uploads\/usu483\/2021\/12\/LOGO-300x178.jpg 300w\" sizes=\"auto, (max-width: 419px) 100vw, 419px\" \/><\/a><\/p>\n","protected":false},"excerpt":{"rendered":"<p>Els alumnes de l&#8217;escola, com cada any, hem participat en la Setmana Europea de la Prevenci\u00f3 de Residus que aquest any es celebra del 20 al 28 de novembre.<br \/>\nLa tem\u00e0tica d\u2019aquest any \u00e9s Comunitats Circulars, que t\u00e9 com a objectiu treballar plegats per un planeta&hellip;  <a href=\"https:\/\/agora.xtec.cat\/ceip-santacreu-anglesola\/general\/setmana-europea-de-la-prevencio-de-residus-a-lescola\/\" title=\"Read SETMANA EUROPEA DE LA PREVENCI\u00d3 DE RESIDUS A L&#8217;ESCOLA\">Llegeix m\u00e9s\u00bb<\/a><\/p>\n","protected":false},"author":16,"featured_media":4472,"comment_status":"open","ping_status":"closed","sticky":false,"template":"","format":"standard","meta":{"_bbp_topic_count":0,"_bbp_reply_count":0,"_bbp_total_topic_count":0,"_bbp_total_reply_count":0,"_bbp_voice_count":0,"_bbp_anonymous_reply_count":0,"_bbp_topic_count_hidden":0,"_bbp_reply_count_hidden":0,"_bbp_forum_subforum_count":0,"footnotes":""},"categories":[1,4,5],"tags":[],"class_list":["post-4468","post","type-post","status-publish","format-standard","has-post-thumbnail","hentry","category-general","category-portada","category-primaria"],"post_mailing_queue_ids":[],"_links":{"self":[{"href":"https:\/\/agora.xtec.cat\/ceip-santacreu-anglesola\/wp-json\/wp\/v2\/posts\/4468","targetHints":{"allow":["GET"]}}],"collection":[{"href":"https:\/\/agora.xtec.cat\/ceip-santacreu-anglesola\/wp-json\/wp\/v2\/posts"}],"about":[{"href":"https:\/\/agora.xtec.cat\/ceip-santacreu-anglesola\/wp-json\/wp\/v2\/types\/post"}],"author":[{"embeddable":true,"href":"https:\/\/agora.xtec.cat\/ceip-santacreu-anglesola\/wp-json\/wp\/v2\/users\/16"}],"replies":[{"embeddable":true,"href":"https:\/\/agora.xtec.cat\/ceip-santacreu-anglesola\/wp-json\/wp\/v2\/comments?post=4468"}],"version-history":[{"count":4,"href":"https:\/\/agora.xtec.cat\/ceip-santacreu-anglesola\/wp-json\/wp\/v2\/posts\/4468\/revisions"}],"predecessor-version":[{"id":4487,"href":"https:\/\/agora.xtec.cat\/ceip-santacreu-anglesola\/wp-json\/wp\/v2\/posts\/4468\/revisions\/4487"}],"wp:featuredmedia":[{"embeddable":true,"href":"https:\/\/agora.xtec.cat\/ceip-santacreu-anglesola\/wp-json\/wp\/v2\/media\/4472"}],"wp:attachment":[{"href":"https:\/\/agora.xtec.cat\/ceip-santacreu-anglesola\/wp-json\/wp\/v2\/media?parent=4468"}],"wp:term":[{"taxonomy":"category","embeddable":true,"href":"https:\/\/agora.xtec.cat\/ceip-santacreu-anglesola\/wp-json\/wp\/v2\/categories?post=4468"},{"taxonomy":"post_tag","embeddable":true,"href":"https:\/\/agora.xtec.cat\/ceip-santacreu-anglesola\/wp-json\/wp\/v2\/tags?post=4468"}],"curies":[{"name":"wp","href":"https:\/\/api.w.org\/{rel}","templated":true}]}}