{"id":4458,"date":"2021-11-25T12:44:30","date_gmt":"2021-11-25T11:44:30","guid":{"rendered":"https:\/\/agora.xtec.cat\/ceip-santacreu-anglesola\/?p=4458"},"modified":"2021-11-25T13:28:54","modified_gmt":"2021-11-25T12:28:54","slug":"dia-internacional-per-a-leliminacio-de-la-violencia-contra-les-dones","status":"publish","type":"post","link":"https:\/\/agora.xtec.cat\/ceip-santacreu-anglesola\/general\/dia-internacional-per-a-leliminacio-de-la-violencia-contra-les-dones\/","title":{"rendered":"DIA INTERNACIONAL PER A L&#8217;ELIMINACI\u00d3 DE LA VIOL\u00c8NCIA CONTRA LES DONES"},"content":{"rendered":"<p style=\"font-weight: 400;\">Amb motiu del\u00a0<strong><u>Dia Internacional per a l\u2019Eliminaci\u00f3 de la Viol\u00e8ncia contra les Dones (25 novembre) <\/u><\/strong>la nostra escola <strong>Manifest del m\u00f3n de l\u2019Esport 25N 2021<\/strong>. La seva difusi\u00f3 forma part de les actuacions emmarcades en el \u201c<strong>Programa Dones i Esports<\/strong>\u201d.<\/p>\n<p>S&#8217;ha llegit el seg\u00fcent <a href=\"https:\/\/esport.gencat.cat\/web\/.content\/home\/arees_dactuacio\/esport_i_genere\/violencia_masclista_esport\/DiaIntern_Eliminacio_Violencia_Dones\/DiaInternEliminViolDones_ManifestMonEsp-25N-.docx.pdf\" target=\"_blank\" rel=\"noopener\">MANIFEST<\/a> a les classes de prim\u00e0ria i hem penjat cartells a les diferents classes. Amb aquestes accions volem mostrar el nostre rebuig\u00a0a les actituds masclistes, identificant i denunciant les agressions. Estimar, nom\u00e9s es pot fer des de la llibertat, la igualtat i el respecte.<\/p>\n<p style=\"font-weight: 400;\"><strong>Per una vida i un Esport, lliure de viol\u00e8ncies masclistes<\/strong>!<\/p>\n<p><img loading=\"lazy\" decoding=\"async\" class=\"aligncenter size-large wp-image-4459\" src=\"https:\/\/agora.xtec.cat\/ceip-santacreu-anglesola\/wp-content\/uploads\/usu483\/2021\/11\/1637837291600-1012x1024.jpg\" alt=\"\" width=\"1012\" height=\"1024\" srcset=\"https:\/\/agora.xtec.cat\/ceip-santacreu-anglesola\/wp-content\/uploads\/usu483\/2021\/11\/1637837291600-1012x1024.jpg 1012w, https:\/\/agora.xtec.cat\/ceip-santacreu-anglesola\/wp-content\/uploads\/usu483\/2021\/11\/1637837291600-297x300.jpg 297w, https:\/\/agora.xtec.cat\/ceip-santacreu-anglesola\/wp-content\/uploads\/usu483\/2021\/11\/1637837291600-768x777.jpg 768w, https:\/\/agora.xtec.cat\/ceip-santacreu-anglesola\/wp-content\/uploads\/usu483\/2021\/11\/1637837291600-1518x1536.jpg 1518w, https:\/\/agora.xtec.cat\/ceip-santacreu-anglesola\/wp-content\/uploads\/usu483\/2021\/11\/1637837291600.jpg 1613w\" sizes=\"auto, (max-width: 1012px) 100vw, 1012px\" \/><\/p>\n<p><img loading=\"lazy\" decoding=\"async\" class=\"aligncenter size-large wp-image-4460\" src=\"https:\/\/agora.xtec.cat\/ceip-santacreu-anglesola\/wp-content\/uploads\/usu483\/2021\/11\/1637837291597-1024x493.jpg\" alt=\"\" width=\"1024\" height=\"493\" srcset=\"https:\/\/agora.xtec.cat\/ceip-santacreu-anglesola\/wp-content\/uploads\/usu483\/2021\/11\/1637837291597-1024x493.jpg 1024w, https:\/\/agora.xtec.cat\/ceip-santacreu-anglesola\/wp-content\/uploads\/usu483\/2021\/11\/1637837291597-300x144.jpg 300w, https:\/\/agora.xtec.cat\/ceip-santacreu-anglesola\/wp-content\/uploads\/usu483\/2021\/11\/1637837291597-768x370.jpg 768w, https:\/\/agora.xtec.cat\/ceip-santacreu-anglesola\/wp-content\/uploads\/usu483\/2021\/11\/1637837291597-1536x739.jpg 1536w, https:\/\/agora.xtec.cat\/ceip-santacreu-anglesola\/wp-content\/uploads\/usu483\/2021\/11\/1637837291597-2048x986.jpg 2048w\" sizes=\"auto, (max-width: 1024px) 100vw, 1024px\" \/><\/p>\n","protected":false},"excerpt":{"rendered":"<p>Amb motiu del\u00a0Dia Internacional per a l\u2019Eliminaci\u00f3 de la Viol\u00e8ncia contra les Dones (25 novembre) la nostra escola Manifest del m\u00f3n de l\u2019Esport 25N 2021. La seva difusi\u00f3 forma part de les actuacions emmarcades en el \u201cPrograma Dones i Esports\u201d.<br \/>\nS&#8217;ha llegit el seg\u00fcent <a href=\"https:\/\/esport.gencat.cat\/web\/.content\/home\/arees_dactuacio\/esport_i_genere\/violencia_masclista_esport\/DiaIntern_Eliminacio_Violencia_Dones\/DiaInternEliminViolDones_ManifestMonEsp-25N-.docx.pdf\"&hellip;  <a href=\"https:\/\/agora.xtec.cat\/ceip-santacreu-anglesola\/general\/dia-internacional-per-a-leliminacio-de-la-violencia-contra-les-dones\/\" title=\"Read DIA INTERNACIONAL PER A L&#8217;ELIMINACI\u00d3 DE LA VIOL\u00c8NCIA CONTRA LES DONES\">Llegeix m\u00e9s\u00bb<\/a><\/p>\n","protected":false},"author":11,"featured_media":4383,"comment_status":"open","ping_status":"closed","sticky":false,"template":"","format":"standard","meta":{"_bbp_topic_count":0,"_bbp_reply_count":0,"_bbp_total_topic_count":0,"_bbp_total_reply_count":0,"_bbp_voice_count":0,"_bbp_anonymous_reply_count":0,"_bbp_topic_count_hidden":0,"_bbp_reply_count_hidden":0,"_bbp_forum_subforum_count":0,"footnotes":""},"categories":[1,4,5],"tags":[],"class_list":["post-4458","post","type-post","status-publish","format-standard","has-post-thumbnail","hentry","category-general","category-portada","category-primaria"],"post_mailing_queue_ids":[],"_links":{"self":[{"href":"https:\/\/agora.xtec.cat\/ceip-santacreu-anglesola\/wp-json\/wp\/v2\/posts\/4458","targetHints":{"allow":["GET"]}}],"collection":[{"href":"https:\/\/agora.xtec.cat\/ceip-santacreu-anglesola\/wp-json\/wp\/v2\/posts"}],"about":[{"href":"https:\/\/agora.xtec.cat\/ceip-santacreu-anglesola\/wp-json\/wp\/v2\/types\/post"}],"author":[{"embeddable":true,"href":"https:\/\/agora.xtec.cat\/ceip-santacreu-anglesola\/wp-json\/wp\/v2\/users\/11"}],"replies":[{"embeddable":true,"href":"https:\/\/agora.xtec.cat\/ceip-santacreu-anglesola\/wp-json\/wp\/v2\/comments?post=4458"}],"version-history":[{"count":3,"href":"https:\/\/agora.xtec.cat\/ceip-santacreu-anglesola\/wp-json\/wp\/v2\/posts\/4458\/revisions"}],"predecessor-version":[{"id":4463,"href":"https:\/\/agora.xtec.cat\/ceip-santacreu-anglesola\/wp-json\/wp\/v2\/posts\/4458\/revisions\/4463"}],"wp:featuredmedia":[{"embeddable":true,"href":"https:\/\/agora.xtec.cat\/ceip-santacreu-anglesola\/wp-json\/wp\/v2\/media\/4383"}],"wp:attachment":[{"href":"https:\/\/agora.xtec.cat\/ceip-santacreu-anglesola\/wp-json\/wp\/v2\/media?parent=4458"}],"wp:term":[{"taxonomy":"category","embeddable":true,"href":"https:\/\/agora.xtec.cat\/ceip-santacreu-anglesola\/wp-json\/wp\/v2\/categories?post=4458"},{"taxonomy":"post_tag","embeddable":true,"href":"https:\/\/agora.xtec.cat\/ceip-santacreu-anglesola\/wp-json\/wp\/v2\/tags?post=4458"}],"curies":[{"name":"wp","href":"https:\/\/api.w.org\/{rel}","templated":true}]}}