{"id":4441,"date":"2021-11-19T12:15:12","date_gmt":"2021-11-19T11:15:12","guid":{"rendered":"https:\/\/agora.xtec.cat\/ceip-santacreu-anglesola\/?p=4441"},"modified":"2021-11-19T12:16:03","modified_gmt":"2021-11-19T11:16:03","slug":"atletes-de-lescola","status":"publish","type":"post","link":"https:\/\/agora.xtec.cat\/ceip-santacreu-anglesola\/general\/atletes-de-lescola\/","title":{"rendered":"ATLETES DE L&#8217;ESCOLA"},"content":{"rendered":"<p>El passat diumenge 14 de novembre es va celebrar el <span class=\"css-901oao css-16my406 r-poiln3 r-bcqeeo r-qvutc0\"><strong>28\u00e8 Cros Intercomarcal de T\u00e0rrega<\/strong>, prova puntuable dins el calendari del circuit escolar de l\u2019ATCELL 2021 &#8211; 2022. La prova fou tot un \u00e8xit amb m\u00e9s de 700 atletes, dels quals 8 foren de la nostra escola.\u00a0<\/span><\/p>\n<p>Els i les nostres atletes van ser:<\/p>\n<ul>\n<li><strong>Maria Valentines Vidal<\/strong><\/li>\n<li><strong>Rayan Ngadi Ghabbaoui\u00a0<\/strong><\/li>\n<li><strong>Malak Ngadi<\/strong><\/li>\n<li><strong>M\u00e0lick Thioub Valentines<\/strong><\/li>\n<li><strong>Miquel Sab\u00e9 Carbonell<\/strong><\/li>\n<li><strong>David George Pop<\/strong><\/li>\n<li><strong>Jordi Pina Gran\u00e9<\/strong><\/li>\n<li><strong>Joan Farr\u00e9 Moreno<\/strong><\/li>\n<\/ul>\n<p><span class=\"css-901oao css-16my406 r-poiln3 r-bcqeeo r-qvutc0\">Enhorabona pel vostre esfor\u00e7!<\/span><\/p>\n<p><a style=\"font-family: inherit; font-size: 1em;\" href=\"https:\/\/www.tarrega.tv\/record-de-participacio-al-cros-intercomarcal-de-tarrega-amb-730-atletes\/\" target=\"_blank\" rel=\"noopener\"><br \/>\nhttps:\/\/www.tarrega.tv\/record-de-participacio-al-cros-intercomarcal-de-tarrega-amb-730-atletes\/<\/a>Us deixem uns enlla\u00e7os amb m\u00e9s informaci\u00f3 sobre la cursa i uns v\u00eddeos:<\/p>\n<p><a href=\"https:\/\/www.youtube.com\/watch?v=t4dZgq_JTHI\" target=\"_blank\" rel=\"noopener\">https:\/\/www.youtube.com\/watch?v=t4dZgq_JTHI<\/a><\/p>\n<p>Us animem a participar en les properes curses.<\/p>\n","protected":false},"excerpt":{"rendered":"<p>El passat diumenge 14 de novembre es va celebrar el 28\u00e8 Cros Intercomarcal de T\u00e0rrega, prova puntuable dins el calendari del circuit escolar de l\u2019ATCELL 2021 &#8211; 2022. La prova fou tot un \u00e8xit amb m\u00e9s de 700 atletes, dels quals 8 foren de la&hellip;  <a href=\"https:\/\/agora.xtec.cat\/ceip-santacreu-anglesola\/general\/atletes-de-lescola\/\" title=\"Read ATLETES DE L&#8217;ESCOLA\">Llegeix m\u00e9s\u00bb<\/a><\/p>\n","protected":false},"author":11,"featured_media":4442,"comment_status":"open","ping_status":"closed","sticky":false,"template":"","format":"standard","meta":{"_bbp_topic_count":0,"_bbp_reply_count":0,"_bbp_total_topic_count":0,"_bbp_total_reply_count":0,"_bbp_voice_count":0,"_bbp_anonymous_reply_count":0,"_bbp_topic_count_hidden":0,"_bbp_reply_count_hidden":0,"_bbp_forum_subforum_count":0,"footnotes":""},"categories":[1,2,4,5],"tags":[],"class_list":["post-4441","post","type-post","status-publish","format-standard","has-post-thumbnail","hentry","category-general","category-infantil","category-portada","category-primaria"],"post_mailing_queue_ids":[],"_links":{"self":[{"href":"https:\/\/agora.xtec.cat\/ceip-santacreu-anglesola\/wp-json\/wp\/v2\/posts\/4441","targetHints":{"allow":["GET"]}}],"collection":[{"href":"https:\/\/agora.xtec.cat\/ceip-santacreu-anglesola\/wp-json\/wp\/v2\/posts"}],"about":[{"href":"https:\/\/agora.xtec.cat\/ceip-santacreu-anglesola\/wp-json\/wp\/v2\/types\/post"}],"author":[{"embeddable":true,"href":"https:\/\/agora.xtec.cat\/ceip-santacreu-anglesola\/wp-json\/wp\/v2\/users\/11"}],"replies":[{"embeddable":true,"href":"https:\/\/agora.xtec.cat\/ceip-santacreu-anglesola\/wp-json\/wp\/v2\/comments?post=4441"}],"version-history":[{"count":1,"href":"https:\/\/agora.xtec.cat\/ceip-santacreu-anglesola\/wp-json\/wp\/v2\/posts\/4441\/revisions"}],"predecessor-version":[{"id":4443,"href":"https:\/\/agora.xtec.cat\/ceip-santacreu-anglesola\/wp-json\/wp\/v2\/posts\/4441\/revisions\/4443"}],"wp:featuredmedia":[{"embeddable":true,"href":"https:\/\/agora.xtec.cat\/ceip-santacreu-anglesola\/wp-json\/wp\/v2\/media\/4442"}],"wp:attachment":[{"href":"https:\/\/agora.xtec.cat\/ceip-santacreu-anglesola\/wp-json\/wp\/v2\/media?parent=4441"}],"wp:term":[{"taxonomy":"category","embeddable":true,"href":"https:\/\/agora.xtec.cat\/ceip-santacreu-anglesola\/wp-json\/wp\/v2\/categories?post=4441"},{"taxonomy":"post_tag","embeddable":true,"href":"https:\/\/agora.xtec.cat\/ceip-santacreu-anglesola\/wp-json\/wp\/v2\/tags?post=4441"}],"curies":[{"name":"wp","href":"https:\/\/api.w.org\/{rel}","templated":true}]}}