{"id":4397,"date":"2021-11-04T15:42:02","date_gmt":"2021-11-04T14:42:02","guid":{"rendered":"https:\/\/agora.xtec.cat\/ceip-santacreu-anglesola\/?p=4397"},"modified":"2021-11-04T15:42:16","modified_gmt":"2021-11-04T14:42:16","slug":"teatre-safari","status":"publish","type":"post","link":"https:\/\/agora.xtec.cat\/ceip-santacreu-anglesola\/portada\/teatre-safari\/","title":{"rendered":"TEATRE &#8220;SAFARI&#8221;"},"content":{"rendered":"<p>Aquest dijous 4 de novembre<strong>\u00a0<\/strong>hem anat a veure la representaci\u00f3 de l&#8217;obra teatral &#8220;<a href=\"https:\/\/www.labaldufateatre.com\/espectacles\/safari\/\"><strong>Safari<\/strong><\/a>&#8221; de la companyia lleidatana <a href=\"https:\/\/www.labaldufateatre.com\/la-companyia\/\"><strong>La Baldufa<\/strong><\/a>\u00a0pels alumnes de<strong>\u00a0P5<\/strong>.<\/p>\n<p><a href=\"https:\/\/photos.app.goo.gl\/Zkr6H7QoW91aeeuE9\"><img loading=\"lazy\" decoding=\"async\" class=\"alignnone wp-image-4398 size-full\" src=\"https:\/\/agora.xtec.cat\/ceip-santacreu-anglesola\/wp-content\/uploads\/usu483\/2021\/11\/IMG_20211104_112851-e1636036034811.jpg\" alt=\"\" width=\"300\" height=\"225\" \/><\/a><\/p>\n<p><strong>Us adjuntem un breu resum de l\u2019obra: <\/strong><\/p>\n<p><strong><em>Safari<\/em><\/strong><em>\u00a0conserva els dos protagonistes d\u2019Embolic a la Granja: en Pinyot i en Carabassot. Ara, aquests dos personatges ens expliquen el conflicte en qu\u00e8 s\u2019han trobat immersos a la sabana, on s\u2019han despla\u00e7at despr\u00e9s d\u2019haver rebut la not\u00edcia que els advertia de la misteriosa desaparici\u00f3 del lle\u00f3. En la seva tasca d\u2019investigaci\u00f3 interpel\u00b7len la girafa, el mico, l\u2019elefant, el cocodril\u2026 i en plena aventura, topen amb el lle\u00f3, capmoix i pensar\u00f3s, que no sap rugir. Amb la ferma voluntat de resoldre el cas i donar-li un cop de m\u00e0, els intr\u00e8pids investigadors de La Baldufa miren d\u2019esbrinar quins s\u00f3n els motius d\u2019aquest pesar. Per qu\u00e8 el cocodril s\u2019entesta a ultratjar el lle\u00f3, que no sap rugir? Per qu\u00e8 la resta d\u2019animals tamb\u00e9 s\u2019entossudeix en fer-li la guitza? Qu\u00e8 caldr\u00e0 fer perqu\u00e8 el rei de la sabana s\u2019envalenteixi?<\/em><\/p>\n<p><em>Un espectacle adre\u00e7at de nou als m\u00e9s petits, on es juga amb una escenografia que es desdobla per a aconseguir un espai atractiu que reflecteixi tot aquest ecosistema.<\/em><\/p>\n<p><em>El\u00a0<strong>bullying<\/strong>\u00a0\u00e9s la q\u00fcesti\u00f3 que s\u2019aborda. Les nenes i els nens poden entendre les seves amenaces a partir del comportament del cocodril i el lle\u00f3, i tamb\u00e9 del de la girafa, el mico i l\u2019elefant. La preocupaci\u00f3 d\u2019en Pinyot i en Carabassot \u00e9s similar a la dels pares i mestres. Els infants tamb\u00e9 poden ser ferotges i cruels amb els companys. En canvi, tenim el convenciment de que, per mitj\u00e0 de l\u2019educaci\u00f3 i el treball, es poden potenciar actituds i comportaments en positiu que permetin una conviv\u00e8ncia dol\u00e7a i tranquil\u00b7la.<\/em><\/p>\n<p><em>Us convidem a participar i gaudir d\u2019aquest Safari<\/em><\/p>\n","protected":false},"excerpt":{"rendered":"<p>Aquest dijous 4 de novembre\u00a0hem anat a veure la representaci\u00f3 de l&#8217;obra teatral &#8220;<a href=\"https:\/\/www.labaldufateatre.com\/espectacles\/safari\/\">Safari<\/a>&#8221; de la companyia lleidatana <a href=\"https:\/\/www.labaldufateatre.com\/la-companyia\/\">La Baldufa<\/a>\u00a0pels alumnes de\u00a0P5.<br \/>\n<a href=\"https:\/\/photos.app.goo.gl\/Zkr6H7QoW91aeeuE9\"><\/a><br \/>\nUs adjuntem un breu resum de l\u2019obra:<br \/>\nSafari\u00a0conserva els dos protagonistes d\u2019Embolic a la Granja: en Pinyot i en Carabassot. Ara,&hellip;  <a href=\"https:\/\/agora.xtec.cat\/ceip-santacreu-anglesola\/portada\/teatre-safari\/\" title=\"Read TEATRE &#8220;SAFARI&#8221;\">Llegeix m\u00e9s\u00bb<\/a><\/p>\n","protected":false},"author":1,"featured_media":0,"comment_status":"open","ping_status":"closed","sticky":false,"template":"","format":"standard","meta":{"_bbp_topic_count":0,"_bbp_reply_count":0,"_bbp_total_topic_count":0,"_bbp_total_reply_count":0,"_bbp_voice_count":0,"_bbp_anonymous_reply_count":0,"_bbp_topic_count_hidden":0,"_bbp_reply_count_hidden":0,"_bbp_forum_subforum_count":0,"footnotes":""},"categories":[4],"tags":[],"class_list":["post-4397","post","type-post","status-publish","format-standard","hentry","category-portada"],"post_mailing_queue_ids":[],"_links":{"self":[{"href":"https:\/\/agora.xtec.cat\/ceip-santacreu-anglesola\/wp-json\/wp\/v2\/posts\/4397","targetHints":{"allow":["GET"]}}],"collection":[{"href":"https:\/\/agora.xtec.cat\/ceip-santacreu-anglesola\/wp-json\/wp\/v2\/posts"}],"about":[{"href":"https:\/\/agora.xtec.cat\/ceip-santacreu-anglesola\/wp-json\/wp\/v2\/types\/post"}],"author":[{"embeddable":true,"href":"https:\/\/agora.xtec.cat\/ceip-santacreu-anglesola\/wp-json\/wp\/v2\/users\/1"}],"replies":[{"embeddable":true,"href":"https:\/\/agora.xtec.cat\/ceip-santacreu-anglesola\/wp-json\/wp\/v2\/comments?post=4397"}],"version-history":[{"count":2,"href":"https:\/\/agora.xtec.cat\/ceip-santacreu-anglesola\/wp-json\/wp\/v2\/posts\/4397\/revisions"}],"predecessor-version":[{"id":4402,"href":"https:\/\/agora.xtec.cat\/ceip-santacreu-anglesola\/wp-json\/wp\/v2\/posts\/4397\/revisions\/4402"}],"wp:attachment":[{"href":"https:\/\/agora.xtec.cat\/ceip-santacreu-anglesola\/wp-json\/wp\/v2\/media?parent=4397"}],"wp:term":[{"taxonomy":"category","embeddable":true,"href":"https:\/\/agora.xtec.cat\/ceip-santacreu-anglesola\/wp-json\/wp\/v2\/categories?post=4397"},{"taxonomy":"post_tag","embeddable":true,"href":"https:\/\/agora.xtec.cat\/ceip-santacreu-anglesola\/wp-json\/wp\/v2\/tags?post=4397"}],"curies":[{"name":"wp","href":"https:\/\/api.w.org\/{rel}","templated":true}]}}