{"id":4372,"date":"2021-11-03T17:30:19","date_gmt":"2021-11-03T16:30:19","guid":{"rendered":"https:\/\/agora.xtec.cat\/ceip-santacreu-anglesola\/?p=4372"},"modified":"2021-11-04T15:17:42","modified_gmt":"2021-11-04T14:17:42","slug":"exposicio-de-treballs-de-tardor","status":"publish","type":"post","link":"https:\/\/agora.xtec.cat\/ceip-santacreu-anglesola\/general\/exposicio-de-treballs-de-tardor\/","title":{"rendered":"Exposici\u00f3 de treballs de tardor"},"content":{"rendered":"<p>Arriba la tardor i amb ella els seus fruits: ametlles, castanyes, carbasses\u2026i els seus colors: groc, vermell, marr\u00f3 i taronja\u2026<br \/>\nI tamb\u00e9 arriba a l\u2019escola, com ja \u00e9s tradici\u00f3, una exposici\u00f3 de treballs amb temes i materials d\u2019aquesta \u00e8poca de l\u2019any.<\/p>\n<p>Val a dir que aquests treballs son m\u00e9s que un treball, son una estona amb els pares, una passejada per la natura, una exposici\u00f3 oral a l\u2019aula i un aprenentatge sobre la tardor.<\/p>\n<p>Aquests s\u00f3n els treballs que diferents alumnes de l&#8217;escola han creat. Tots\u00a0 han quedat molt bonics i els nens\/es els han portat amb molta il\u00b7lusi\u00f3. Gr\u00e0cies per participar!!<\/p>\n<p><a href=\"https:\/\/photos.app.goo.gl\/7GMLbXY4LqgPJssMA\"><img loading=\"lazy\" decoding=\"async\" class=\"aligncenter wp-image-4383 size-full\" src=\"https:\/\/agora.xtec.cat\/ceip-santacreu-anglesola\/wp-content\/uploads\/usu483\/2021\/11\/IMG_2226-rotated.jpg\" alt=\"\" width=\"240\" height=\"320\" srcset=\"https:\/\/agora.xtec.cat\/ceip-santacreu-anglesola\/wp-content\/uploads\/usu483\/2021\/11\/IMG_2226-rotated.jpg 240w, https:\/\/agora.xtec.cat\/ceip-santacreu-anglesola\/wp-content\/uploads\/usu483\/2021\/11\/IMG_2226-225x300.jpg 225w\" sizes=\"auto, (max-width: 240px) 100vw, 240px\" \/><\/a><\/p>\n<p>&nbsp;<\/p>\n<p>&nbsp;<\/p>\n<p style=\"text-align: center;\">\n","protected":false},"excerpt":{"rendered":"<p>Arriba la tardor i amb ella els seus fruits: ametlles, castanyes, carbasses\u2026i els seus colors: groc, vermell, marr\u00f3 i taronja\u2026<br \/>\nI tamb\u00e9 arriba a l\u2019escola, com ja \u00e9s tradici\u00f3, una exposici\u00f3 de treballs amb temes i materials d\u2019aquesta \u00e8poca de l\u2019any.<br \/>\nVal a dir que aquests treballs&hellip;  <a href=\"https:\/\/agora.xtec.cat\/ceip-santacreu-anglesola\/general\/exposicio-de-treballs-de-tardor\/\" title=\"Read Exposici\u00f3 de treballs de tardor\">Llegeix m\u00e9s\u00bb<\/a><\/p>\n","protected":false},"author":1,"featured_media":4383,"comment_status":"open","ping_status":"closed","sticky":false,"template":"","format":"standard","meta":{"_bbp_topic_count":0,"_bbp_reply_count":0,"_bbp_total_topic_count":0,"_bbp_total_reply_count":0,"_bbp_voice_count":0,"_bbp_anonymous_reply_count":0,"_bbp_topic_count_hidden":0,"_bbp_reply_count_hidden":0,"_bbp_forum_subforum_count":0,"footnotes":""},"categories":[1,4],"tags":[],"class_list":["post-4372","post","type-post","status-publish","format-standard","has-post-thumbnail","hentry","category-general","category-portada"],"post_mailing_queue_ids":[],"_links":{"self":[{"href":"https:\/\/agora.xtec.cat\/ceip-santacreu-anglesola\/wp-json\/wp\/v2\/posts\/4372","targetHints":{"allow":["GET"]}}],"collection":[{"href":"https:\/\/agora.xtec.cat\/ceip-santacreu-anglesola\/wp-json\/wp\/v2\/posts"}],"about":[{"href":"https:\/\/agora.xtec.cat\/ceip-santacreu-anglesola\/wp-json\/wp\/v2\/types\/post"}],"author":[{"embeddable":true,"href":"https:\/\/agora.xtec.cat\/ceip-santacreu-anglesola\/wp-json\/wp\/v2\/users\/1"}],"replies":[{"embeddable":true,"href":"https:\/\/agora.xtec.cat\/ceip-santacreu-anglesola\/wp-json\/wp\/v2\/comments?post=4372"}],"version-history":[{"count":3,"href":"https:\/\/agora.xtec.cat\/ceip-santacreu-anglesola\/wp-json\/wp\/v2\/posts\/4372\/revisions"}],"predecessor-version":[{"id":4394,"href":"https:\/\/agora.xtec.cat\/ceip-santacreu-anglesola\/wp-json\/wp\/v2\/posts\/4372\/revisions\/4394"}],"wp:featuredmedia":[{"embeddable":true,"href":"https:\/\/agora.xtec.cat\/ceip-santacreu-anglesola\/wp-json\/wp\/v2\/media\/4383"}],"wp:attachment":[{"href":"https:\/\/agora.xtec.cat\/ceip-santacreu-anglesola\/wp-json\/wp\/v2\/media?parent=4372"}],"wp:term":[{"taxonomy":"category","embeddable":true,"href":"https:\/\/agora.xtec.cat\/ceip-santacreu-anglesola\/wp-json\/wp\/v2\/categories?post=4372"},{"taxonomy":"post_tag","embeddable":true,"href":"https:\/\/agora.xtec.cat\/ceip-santacreu-anglesola\/wp-json\/wp\/v2\/tags?post=4372"}],"curies":[{"name":"wp","href":"https:\/\/api.w.org\/{rel}","templated":true}]}}