{"id":4368,"date":"2021-10-26T20:38:50","date_gmt":"2021-10-26T18:38:50","guid":{"rendered":"https:\/\/agora.xtec.cat\/ceip-santacreu-anglesola\/?p=4368"},"modified":"2021-10-26T20:38:50","modified_gmt":"2021-10-26T18:38:50","slug":"articles-dinteres-del-mes","status":"publish","type":"post","link":"https:\/\/agora.xtec.cat\/ceip-santacreu-anglesola\/general\/articles-dinteres-del-mes\/","title":{"rendered":"Articles d&#8217;inter\u00e8s del mes"},"content":{"rendered":"<p>Ara que s&#8217;acosta Tots Sants, us compartim un article que ens dona consells de com tractar la mort i el dol amb els infants:<\/p>\n<p><a href=\"https:\/\/www.elperiodico.com\/es\/educacion\/20211025\/hablar-muerte-ninos-12378687\">https:\/\/www.elperiodico.com\/es\/educacion\/20211025\/hablar-muerte-ninos-12378687<\/a><\/p>\n<p>Per d&#8217;altra banda, el dia 11 d&#8217;octubre va ser el Dia Internacional de la Nena. Per aix\u00f2 us compartim un enlla\u00e7 a un article on podreu trobar cinc contes nous del canal Super3 &#8220;Una m\u00e0 de contes&#8221; on les protagonistes s\u00f3n nenes:<\/p>\n<p><a href=\"https:\/\/www.ccma.cat\/premsa\/una-ma-de-contes-estrena-cinc-histories-protagonitzades-per-nenes-empoderades-coincidint-amb-el-dia-internacional-de-la-nena\/nota-de-premsa\/3122848\/\">https:\/\/www.ccma.cat\/premsa\/una-ma-de-contes-estrena-cinc-histories-protagonitzades-per-nenes-empoderades-coincidint-amb-el-dia-internacional-de-la-nena\/nota-de-premsa\/3122848\/<\/a><\/p>\n<p>I per acabar, un article relacionat amb les xarxes socials perqu\u00e8, si b\u00e9 els infants de l&#8217;escola encara no utilitzen les xarxes socials, \u00e9s important con\u00e8ixer-ne els perills per quan siguin m\u00e9s grans:<\/p>\n<p><a href=\"https:\/\/www.uoc.edu\/portal\/ca\/news\/actualitat\/2021\/265-instagram-toxic-adolescents.html\">https:\/\/www.uoc.edu\/portal\/ca\/news\/actualitat\/2021\/265-instagram-toxic-adolescents.html<\/a><\/p>\n<p>Desitgem gaudiu de la lectura.<\/p>\n","protected":false},"excerpt":{"rendered":"<p>Ara que s&#8217;acosta Tots Sants, us compartim un article que ens dona consells de com tractar la mort i el dol amb els infants:<br \/>\n<a href=\"https:\/\/www.elperiodico.com\/es\/educacion\/20211025\/hablar-muerte-ninos-12378687\">https:\/\/www.elperiodico.com\/es\/educacion\/20211025\/hablar-muerte-ninos-12378687<\/a><br \/>\nPer d&#8217;altra banda, el dia 11 d&#8217;octubre va ser el Dia Internacional de la Nena. Per aix\u00f2 us compartim un enlla\u00e7&hellip;  <a href=\"https:\/\/agora.xtec.cat\/ceip-santacreu-anglesola\/general\/articles-dinteres-del-mes\/\" title=\"Read Articles d&#8217;inter\u00e8s del mes\">Llegeix m\u00e9s\u00bb<\/a><\/p>\n","protected":false},"author":3,"featured_media":0,"comment_status":"open","ping_status":"closed","sticky":false,"template":"","format":"standard","meta":{"_bbp_topic_count":0,"_bbp_reply_count":0,"_bbp_total_topic_count":0,"_bbp_total_reply_count":0,"_bbp_voice_count":0,"_bbp_anonymous_reply_count":0,"_bbp_topic_count_hidden":0,"_bbp_reply_count_hidden":0,"_bbp_forum_subforum_count":0,"footnotes":""},"categories":[1,4],"tags":[],"class_list":["post-4368","post","type-post","status-publish","format-standard","hentry","category-general","category-portada"],"post_mailing_queue_ids":[],"_links":{"self":[{"href":"https:\/\/agora.xtec.cat\/ceip-santacreu-anglesola\/wp-json\/wp\/v2\/posts\/4368","targetHints":{"allow":["GET"]}}],"collection":[{"href":"https:\/\/agora.xtec.cat\/ceip-santacreu-anglesola\/wp-json\/wp\/v2\/posts"}],"about":[{"href":"https:\/\/agora.xtec.cat\/ceip-santacreu-anglesola\/wp-json\/wp\/v2\/types\/post"}],"author":[{"embeddable":true,"href":"https:\/\/agora.xtec.cat\/ceip-santacreu-anglesola\/wp-json\/wp\/v2\/users\/3"}],"replies":[{"embeddable":true,"href":"https:\/\/agora.xtec.cat\/ceip-santacreu-anglesola\/wp-json\/wp\/v2\/comments?post=4368"}],"version-history":[{"count":1,"href":"https:\/\/agora.xtec.cat\/ceip-santacreu-anglesola\/wp-json\/wp\/v2\/posts\/4368\/revisions"}],"predecessor-version":[{"id":4369,"href":"https:\/\/agora.xtec.cat\/ceip-santacreu-anglesola\/wp-json\/wp\/v2\/posts\/4368\/revisions\/4369"}],"wp:attachment":[{"href":"https:\/\/agora.xtec.cat\/ceip-santacreu-anglesola\/wp-json\/wp\/v2\/media?parent=4368"}],"wp:term":[{"taxonomy":"category","embeddable":true,"href":"https:\/\/agora.xtec.cat\/ceip-santacreu-anglesola\/wp-json\/wp\/v2\/categories?post=4368"},{"taxonomy":"post_tag","embeddable":true,"href":"https:\/\/agora.xtec.cat\/ceip-santacreu-anglesola\/wp-json\/wp\/v2\/tags?post=4368"}],"curies":[{"name":"wp","href":"https:\/\/api.w.org\/{rel}","templated":true}]}}