{"id":4331,"date":"2021-10-22T16:15:01","date_gmt":"2021-10-22T14:15:01","guid":{"rendered":"https:\/\/agora.xtec.cat\/ceip-santacreu-anglesola\/?p=4331"},"modified":"2021-10-25T22:37:00","modified_gmt":"2021-10-25T20:37:00","slug":"dracula-the-vampire-teatre-ateneu","status":"publish","type":"post","link":"https:\/\/agora.xtec.cat\/ceip-santacreu-anglesola\/general\/dracula-the-vampire-teatre-ateneu\/","title":{"rendered":"DRACULA,THE VAMPIRE AL TEATRE ATENEU"},"content":{"rendered":"<p>El passat dijous 21 d&#8217;octubre, els alumnes de 6\u00e8 de tota la comarca vam anar al teatre Ateneu de T\u00e0rrega a veure una obra de teatre en angl\u00e8s anomenada &#8220;<strong>DRACULA<\/strong>&#8220;.<\/p>\n<p>Vam passar una bona estona gaudint de les can\u00e7ons, les danses i&#8230;la sang!!!<\/p>\n<p>Si voleu m\u00e9s informaci\u00f3 cliqueu en la paraula enlla\u00e7.<\/p>\n<p><a href=\"https:\/\/www.ipaproductions.com\/ca\/shows\/dracula-2.1\" target=\"_blank\" rel=\"noopener\">ENLLA\u00c7<\/a><\/p>\n<p><img loading=\"lazy\" decoding=\"async\" class=\"aligncenter  wp-image-4332\" src=\"https:\/\/agora.xtec.cat\/ceip-santacreu-anglesola\/wp-content\/uploads\/usu483\/2021\/10\/IMG-20211021-WA0014-576x1024.jpg\" alt=\"\" width=\"452\" height=\"802\" srcset=\"https:\/\/agora.xtec.cat\/ceip-santacreu-anglesola\/wp-content\/uploads\/usu483\/2021\/10\/IMG-20211021-WA0014-169x300.jpg 169w, https:\/\/agora.xtec.cat\/ceip-santacreu-anglesola\/wp-content\/uploads\/usu483\/2021\/10\/IMG-20211021-WA0014-768x1365.jpg 768w\" sizes=\"auto, (max-width: 452px) 100vw, 452px\" \/><\/p>\n<p style=\"text-align: right;\"><strong>M\u00e0lick i J\u00falia (alumnes de 6\u00e8)<\/strong><\/p>\n","protected":false},"excerpt":{"rendered":"<p>El passat dijous 21 d&#8217;octubre, els alumnes de 6\u00e8 de tota la comarca vam anar al teatre Ateneu de T\u00e0rrega a veure una obra de teatre en angl\u00e8s anomenada &#8220;DRACULA&#8220;.<br \/>\nVam passar una bona estona gaudint de les can\u00e7ons, les danses i&#8230;la sang!!!<br \/>\nSi voleu m\u00e9s informaci\u00f3&hellip;  <a href=\"https:\/\/agora.xtec.cat\/ceip-santacreu-anglesola\/general\/dracula-the-vampire-teatre-ateneu\/\" title=\"Read DRACULA,THE VAMPIRE AL TEATRE ATENEU\">Llegeix m\u00e9s\u00bb<\/a><\/p>\n","protected":false},"author":11,"featured_media":0,"comment_status":"open","ping_status":"closed","sticky":false,"template":"","format":"standard","meta":{"_bbp_topic_count":0,"_bbp_reply_count":0,"_bbp_total_topic_count":0,"_bbp_total_reply_count":0,"_bbp_voice_count":0,"_bbp_anonymous_reply_count":0,"_bbp_topic_count_hidden":0,"_bbp_reply_count_hidden":0,"_bbp_forum_subforum_count":0,"footnotes":""},"categories":[15,1,4],"tags":[],"class_list":["post-4331","post","type-post","status-publish","format-standard","hentry","category-6e","category-general","category-portada"],"post_mailing_queue_ids":[],"_links":{"self":[{"href":"https:\/\/agora.xtec.cat\/ceip-santacreu-anglesola\/wp-json\/wp\/v2\/posts\/4331","targetHints":{"allow":["GET"]}}],"collection":[{"href":"https:\/\/agora.xtec.cat\/ceip-santacreu-anglesola\/wp-json\/wp\/v2\/posts"}],"about":[{"href":"https:\/\/agora.xtec.cat\/ceip-santacreu-anglesola\/wp-json\/wp\/v2\/types\/post"}],"author":[{"embeddable":true,"href":"https:\/\/agora.xtec.cat\/ceip-santacreu-anglesola\/wp-json\/wp\/v2\/users\/11"}],"replies":[{"embeddable":true,"href":"https:\/\/agora.xtec.cat\/ceip-santacreu-anglesola\/wp-json\/wp\/v2\/comments?post=4331"}],"version-history":[{"count":3,"href":"https:\/\/agora.xtec.cat\/ceip-santacreu-anglesola\/wp-json\/wp\/v2\/posts\/4331\/revisions"}],"predecessor-version":[{"id":4365,"href":"https:\/\/agora.xtec.cat\/ceip-santacreu-anglesola\/wp-json\/wp\/v2\/posts\/4331\/revisions\/4365"}],"wp:attachment":[{"href":"https:\/\/agora.xtec.cat\/ceip-santacreu-anglesola\/wp-json\/wp\/v2\/media?parent=4331"}],"wp:term":[{"taxonomy":"category","embeddable":true,"href":"https:\/\/agora.xtec.cat\/ceip-santacreu-anglesola\/wp-json\/wp\/v2\/categories?post=4331"},{"taxonomy":"post_tag","embeddable":true,"href":"https:\/\/agora.xtec.cat\/ceip-santacreu-anglesola\/wp-json\/wp\/v2\/tags?post=4331"}],"curies":[{"name":"wp","href":"https:\/\/api.w.org\/{rel}","templated":true}]}}