{"id":4301,"date":"2021-10-11T17:35:12","date_gmt":"2021-10-11T15:35:12","guid":{"rendered":"https:\/\/agora.xtec.cat\/ceip-santacreu-anglesola\/?p=4301"},"modified":"2021-10-22T17:42:39","modified_gmt":"2021-10-22T15:42:39","slug":"obrim-la-biblioteca","status":"publish","type":"post","link":"https:\/\/agora.xtec.cat\/ceip-santacreu-anglesola\/biblioaventura\/obrim-la-biblioteca\/","title":{"rendered":"OBRIM LA BIBLIOTECA"},"content":{"rendered":"<p>La biblioteca torna a estar oberta i en ple funcionament, despr\u00e9s d&#8217;un any amb covid i del descans de l&#8217;estiu la biblioteca escolar torna a estar activa, igual que abans de l&#8217;inici de la pand\u00e8mia.<\/p>\n<p>L&#8217;estiu \u00e9s un bon temps per a llegir, ja que, la lectura \u00e9s la \u00fanica activitat que ens permet viatjar, con\u00e8ixer personatges, visitar llocs&#8230; sense moure&#8217;ns del lloc.<\/p>\n<p>L&#8217; activitat de biblioteca del mes de setembre ha estat con\u00e8ixer el funcionament d&#8217;una biblioteca i de com es classifiquen els llibres.<\/p>\n<p>L&#8217; activitat del mes d&#8217;octubre est\u00e0 lligada als projectes de cada cicle i com no a la tardor i a la castanyada.<\/p>\n<p style=\"text-align: center;\">ESPEREM QUE DURANT AQUEST CURS EN GAUDIU MOLT DE LA BIBLIOTECA<\/p>\n<p style=\"text-align: center;\"><a href=\"https:\/\/agora.xtec.cat\/ceip-santacreu-anglesola\/wp-content\/uploads\/usu483\/2021\/10\/puertasabiertas-200x150-1.jpg\"><img loading=\"lazy\" decoding=\"async\" class=\"alignnone size-full wp-image-4302\" src=\"https:\/\/agora.xtec.cat\/ceip-santacreu-anglesola\/wp-content\/uploads\/usu483\/2021\/10\/puertasabiertas-200x150-1.jpg\" alt=\"\" width=\"200\" height=\"150\" \/><\/a><\/p>\n","protected":false},"excerpt":{"rendered":"<p>La biblioteca torna a estar oberta i en ple funcionament, despr\u00e9s d&#8217;un any amb covid i del descans de l&#8217;estiu la biblioteca escolar torna a estar activa, igual que abans de l&#8217;inici de la pand\u00e8mia.<br \/>\nL&#8217;estiu \u00e9s un bon temps per a llegir, ja que, la&hellip;  <a href=\"https:\/\/agora.xtec.cat\/ceip-santacreu-anglesola\/biblioaventura\/obrim-la-biblioteca\/\" title=\"Read OBRIM LA BIBLIOTECA\">Llegeix m\u00e9s\u00bb<\/a><\/p>\n","protected":false},"author":1,"featured_media":4303,"comment_status":"open","ping_status":"closed","sticky":false,"template":"","format":"standard","meta":{"_bbp_topic_count":0,"_bbp_reply_count":0,"_bbp_total_topic_count":0,"_bbp_total_reply_count":0,"_bbp_voice_count":0,"_bbp_anonymous_reply_count":0,"_bbp_topic_count_hidden":0,"_bbp_reply_count_hidden":0,"_bbp_forum_subforum_count":0,"footnotes":""},"categories":[51],"tags":[],"class_list":["post-4301","post","type-post","status-publish","format-standard","has-post-thumbnail","hentry","category-biblioaventura"],"post_mailing_queue_ids":[],"_links":{"self":[{"href":"https:\/\/agora.xtec.cat\/ceip-santacreu-anglesola\/wp-json\/wp\/v2\/posts\/4301","targetHints":{"allow":["GET"]}}],"collection":[{"href":"https:\/\/agora.xtec.cat\/ceip-santacreu-anglesola\/wp-json\/wp\/v2\/posts"}],"about":[{"href":"https:\/\/agora.xtec.cat\/ceip-santacreu-anglesola\/wp-json\/wp\/v2\/types\/post"}],"author":[{"embeddable":true,"href":"https:\/\/agora.xtec.cat\/ceip-santacreu-anglesola\/wp-json\/wp\/v2\/users\/1"}],"replies":[{"embeddable":true,"href":"https:\/\/agora.xtec.cat\/ceip-santacreu-anglesola\/wp-json\/wp\/v2\/comments?post=4301"}],"version-history":[{"count":2,"href":"https:\/\/agora.xtec.cat\/ceip-santacreu-anglesola\/wp-json\/wp\/v2\/posts\/4301\/revisions"}],"predecessor-version":[{"id":4336,"href":"https:\/\/agora.xtec.cat\/ceip-santacreu-anglesola\/wp-json\/wp\/v2\/posts\/4301\/revisions\/4336"}],"wp:featuredmedia":[{"embeddable":true,"href":"https:\/\/agora.xtec.cat\/ceip-santacreu-anglesola\/wp-json\/wp\/v2\/media\/4303"}],"wp:attachment":[{"href":"https:\/\/agora.xtec.cat\/ceip-santacreu-anglesola\/wp-json\/wp\/v2\/media?parent=4301"}],"wp:term":[{"taxonomy":"category","embeddable":true,"href":"https:\/\/agora.xtec.cat\/ceip-santacreu-anglesola\/wp-json\/wp\/v2\/categories?post=4301"},{"taxonomy":"post_tag","embeddable":true,"href":"https:\/\/agora.xtec.cat\/ceip-santacreu-anglesola\/wp-json\/wp\/v2\/tags?post=4301"}],"curies":[{"name":"wp","href":"https:\/\/api.w.org\/{rel}","templated":true}]}}