{"id":4277,"date":"2021-09-21T14:50:45","date_gmt":"2021-09-21T12:50:45","guid":{"rendered":"https:\/\/agora.xtec.cat\/ceip-santacreu-anglesola\/?p=4277"},"modified":"2021-09-21T14:50:59","modified_gmt":"2021-09-21T12:50:59","slug":"inici-de-curs","status":"publish","type":"post","link":"https:\/\/agora.xtec.cat\/ceip-santacreu-anglesola\/general\/inici-de-curs\/","title":{"rendered":"Inici de curs"},"content":{"rendered":"<p>Ja hi tornem! Un nou curs ha comen\u00e7at i amb ell els articles que pensem que poden ser del vostre inter\u00e8s. Avui us en compartim dos. El primer ens parla de com encarar el nou curs amb els vostres infants.<\/p>\n<p><a href=\"https:\/\/www.ccma.cat\/catradio\/el-mati-de-catalunya-radio\/10-consells-per-a-una-tornada-a-lescola-amb-intelligencia-emocional\/noticia\/3117765\/\">https:\/\/www.ccma.cat\/catradio\/el-mati-de-catalunya-radio\/10-consells-per-a-una-tornada-a-lescola-amb-intelligencia-emocional\/noticia\/3117765\/<\/a><\/p>\n<p>El segon \u00e9s una not\u00edcia de la setmana passada sobre un adolescent que va ser ingressat per la seva addicci\u00f3 al Fornite. Tamb\u00e9 s&#8217;ens explica el perill que suposa pels infants i joves de caure en l&#8217;addicci\u00f3 a les pantalles. \u00c9s important que es tracti el tema dels v\u00eddeojocs i de les xarxes socials en fam\u00edlia perqu\u00e8 \u00e9s una realitat que ha vingut per quedar-se. L&#8217;important \u00e9s aprendre a fer-ne un \u00fas adequat i no perjudicial.<\/p>\n<p><a href=\"https:\/\/www.rac1.cat\/societat\/20210915\/4101743795752\/videojocs-menor-addiccio-fortnite-castello-de-la-plana-hospital-ingressat.html\">https:\/\/www.rac1.cat\/societat\/20210915\/4101743795752\/videojocs-menor-addiccio-fortnite-castello-de-la-plana-hospital-ingressat.html<\/a><\/p>\n<p>&nbsp;<\/p>\n","protected":false},"excerpt":{"rendered":"<p>Ja hi tornem! Un nou curs ha comen\u00e7at i amb ell els articles que pensem que poden ser del vostre inter\u00e8s. Avui us en compartim dos. El primer ens parla de com encarar el nou curs amb els vostres infants.<br \/>\n<a href=\"https:\/\/www.ccma.cat\/catradio\/el-mati-de-catalunya-radio\/10-consells-per-a-una-tornada-a-lescola-amb-intelligencia-emocional\/noticia\/3117765\/\">https:\/\/www.ccma.cat\/catradio\/el-mati-de-catalunya-radio\/10-consells-per-a-una-tornada-a-lescola-amb-intelligencia-emocional\/noticia\/3117765\/<\/a><br \/>\nEl segon \u00e9s una not\u00edcia&hellip;  <a href=\"https:\/\/agora.xtec.cat\/ceip-santacreu-anglesola\/general\/inici-de-curs\/\" title=\"Read Inici de curs\">Llegeix m\u00e9s\u00bb<\/a><\/p>\n","protected":false},"author":3,"featured_media":0,"comment_status":"open","ping_status":"closed","sticky":false,"template":"","format":"standard","meta":{"_bbp_topic_count":0,"_bbp_reply_count":0,"_bbp_total_topic_count":0,"_bbp_total_reply_count":0,"_bbp_voice_count":0,"_bbp_anonymous_reply_count":0,"_bbp_topic_count_hidden":0,"_bbp_reply_count_hidden":0,"_bbp_forum_subforum_count":0,"footnotes":""},"categories":[1,4],"tags":[],"class_list":["post-4277","post","type-post","status-publish","format-standard","hentry","category-general","category-portada"],"post_mailing_queue_ids":[],"_links":{"self":[{"href":"https:\/\/agora.xtec.cat\/ceip-santacreu-anglesola\/wp-json\/wp\/v2\/posts\/4277","targetHints":{"allow":["GET"]}}],"collection":[{"href":"https:\/\/agora.xtec.cat\/ceip-santacreu-anglesola\/wp-json\/wp\/v2\/posts"}],"about":[{"href":"https:\/\/agora.xtec.cat\/ceip-santacreu-anglesola\/wp-json\/wp\/v2\/types\/post"}],"author":[{"embeddable":true,"href":"https:\/\/agora.xtec.cat\/ceip-santacreu-anglesola\/wp-json\/wp\/v2\/users\/3"}],"replies":[{"embeddable":true,"href":"https:\/\/agora.xtec.cat\/ceip-santacreu-anglesola\/wp-json\/wp\/v2\/comments?post=4277"}],"version-history":[{"count":1,"href":"https:\/\/agora.xtec.cat\/ceip-santacreu-anglesola\/wp-json\/wp\/v2\/posts\/4277\/revisions"}],"predecessor-version":[{"id":4278,"href":"https:\/\/agora.xtec.cat\/ceip-santacreu-anglesola\/wp-json\/wp\/v2\/posts\/4277\/revisions\/4278"}],"wp:attachment":[{"href":"https:\/\/agora.xtec.cat\/ceip-santacreu-anglesola\/wp-json\/wp\/v2\/media?parent=4277"}],"wp:term":[{"taxonomy":"category","embeddable":true,"href":"https:\/\/agora.xtec.cat\/ceip-santacreu-anglesola\/wp-json\/wp\/v2\/categories?post=4277"},{"taxonomy":"post_tag","embeddable":true,"href":"https:\/\/agora.xtec.cat\/ceip-santacreu-anglesola\/wp-json\/wp\/v2\/tags?post=4277"}],"curies":[{"name":"wp","href":"https:\/\/api.w.org\/{rel}","templated":true}]}}