{"id":427,"date":"2018-02-28T16:27:31","date_gmt":"2018-02-28T15:27:31","guid":{"rendered":"http:\/\/agora.xtec.cat\/ceip-santacreu-anglesola\/?p=427"},"modified":"2018-02-28T16:28:47","modified_gmt":"2018-02-28T15:28:47","slug":"com-em-sento","status":"publish","type":"post","link":"https:\/\/agora.xtec.cat\/ceip-santacreu-anglesola\/educaciosocioemocional\/com-em-sento\/","title":{"rendered":"Com em sento?"},"content":{"rendered":"<div class=\"entry-meta\"><\/div>\n<p>Aquesta \u00e9s un activitat transversal dins del nostre projecte projecte d&#8217;educaci\u00f3 socioemocional. Els objectius de COM EM SENTO s\u00f3n:<\/p>\n<ul>\n<li>Ajudar a l&#8217;alumnat a recon\u00e8ixer les seves pr\u00f2pies emocions.<\/li>\n<li>Donar eines per prendre consci\u00e8ncia de les emocions i com poden canviar, ja que les emocions no s\u00f3n est\u00e0tiques.<\/li>\n<li>Donar informaci\u00f3 als i les mestres sobre l&#8217;estat d&#8217;\u00e0nim de l&#8217;alumnat, les seves causes i ajudar-los quan sigui necessari.<\/li>\n<\/ul>\n<div class=\"mt-row mt-ms-row\">\n<div class=\"mt-line\">L&#8217;activitat comen\u00e7a mirant v\u00eddeos relacionats amb el tema o explicant contes que mostrin les emocions. Aqu\u00ed deixem algun exemple:<\/div>\n<\/div>\n<div class=\"entry-content\">\n<p>&nbsp;<\/p>\n<ul>\n<li>V\u00eddeo:\n<div id=\"mt-to-es\" class=\"mt-info ms mt-from-en\" lang=\"es-x-mtfrom-en\" data-host=\"translate1.spanishdict.com\"><\/div>\n<\/li>\n<\/ul>\n<p><a href=\"https:\/\/www.youtube.com\/watch?v=vsFERoAz448\">https:\/\/www.youtube.com\/watch?v=vsFERoAz448<\/a><\/p>\n<p>&nbsp;<\/p>\n<ul>\n<li>El conte &#8220;El monstre de colors&#8221; d&#8217; Anna Llenas:<\/li>\n<li><img loading=\"lazy\" decoding=\"async\" class=\"\" src=\"http:\/\/blocs.xtec.cat\/erasmusplus\/files\/2017\/04\/thecolourmonster.jpg\" alt=\"thecolourmonster\" width=\"169\" height=\"169\" \/><\/li>\n<li>Cada vegada que els nens i nenes identifiquen l&#8217;emoci\u00f3 al conte o al v\u00eddeo, ells descriuran les pr\u00f2pies situacions en qu\u00e8 es senten igual. D&#8217;aquesta manera, s&#8217;establir\u00e0 un di\u00e0leg entre la mainada i els docents.<\/li>\n<\/ul>\n<p><a href=\"http:\/\/agora.xtec.cat\/ceip-santacreu-anglesola\/wp-content\/uploads\/usu483\/2018\/02\/CIMG3571.jpg\"><img loading=\"lazy\" decoding=\"async\" class=\"alignnone wp-image-446 size-medium\" src=\"http:\/\/agora.xtec.cat\/ceip-santacreu-anglesola\/wp-content\/uploads\/usu483\/2018\/02\/CIMG3571-300x225.jpg\" alt=\"\" width=\"300\" height=\"225\" srcset=\"https:\/\/agora.xtec.cat\/ceip-santacreu-anglesola\/wp-content\/uploads\/usu483\/2018\/02\/CIMG3571-300x225.jpg 300w, https:\/\/agora.xtec.cat\/ceip-santacreu-anglesola\/wp-content\/uploads\/usu483\/2018\/02\/CIMG3571-200x150.jpg 200w, https:\/\/agora.xtec.cat\/ceip-santacreu-anglesola\/wp-content\/uploads\/usu483\/2018\/02\/CIMG3571.jpg 640w\" sizes=\"auto, (max-width: 300px) 100vw, 300px\" \/><\/a><\/p>\n<p>&nbsp;<\/p>\n<p>Aleshores, el mestre ensenya les emocions que treballarem. A mesura que van creixent, s&#8217;aniran introduint m\u00e9s emocions.<\/p>\n<p>Comencem amb:<\/p>\n<\/div>\n<div class=\"entry-content\">\n<p><br class=\"mt-info-text\" \/>Alegria\u00a0 \u00a0 \u00a0 \u00a0 \u00a0 \u00a0 \u00a0 \u00a0 \u00a0 \u00a0 \u00a0 \u00a0 \u00a0 \u00a0 \u00a0 \u00a0 \u00a0 \u00a0 \u00a0 \u00a0 \u00a0 \u00a0 \u00a0 \u00a0 \u00a0 \u00a0Tristesa<\/p>\n<p><img loading=\"lazy\" decoding=\"async\" class=\"\" src=\"http:\/\/blocs.xtec.cat\/erasmusplus\/files\/2017\/04\/Alegria.jpg\" alt=\"Alegria\" width=\"149\" height=\"99\" \/> \u00a0 \u00a0 \u00a0 \u00a0 \u00a0 \u00a0 \u00a0 \u00a0 \u00a0 \u00a0 \u00a0<img loading=\"lazy\" decoding=\"async\" class=\"alignnone wp-image-143\" src=\"http:\/\/blocs.xtec.cat\/erasmusplus\/files\/2017\/04\/tristesa.jpg\" alt=\"tristesa\" width=\"144\" height=\"96\" \/><\/p>\n<p>Ira \u00a0 \u00a0 \u00a0 \u00a0 \u00a0 \u00a0 \u00a0 \u00a0 \u00a0 \u00a0 \u00a0 \u00a0 \u00a0 \u00a0 \u00a0 \u00a0 \u00a0 \u00a0 \u00a0 \u00a0 \u00a0 \u00a0 \u00a0 Por<\/p>\n<p><img loading=\"lazy\" decoding=\"async\" class=\"alignnone wp-image-145\" src=\"http:\/\/blocs.xtec.cat\/erasmusplus\/files\/2017\/04\/ira.jpg\" alt=\"ira\" width=\"204\" height=\"136\" \/><img loading=\"lazy\" decoding=\"async\" class=\"alignnone wp-image-144\" src=\"http:\/\/blocs.xtec.cat\/erasmusplus\/files\/2017\/04\/Por.jpg\" alt=\"Por\" width=\"182\" height=\"121\" \/><\/p>\n<p>&nbsp;<\/p>\n<div id=\"mt-to-es\" class=\"mt-info ms mt-from-en\" lang=\"es-x-mtfrom-en\" data-host=\"translate1.spanishdict.com\">\n<div class=\"mt-info-text\">A les classes d&#8217;infantil hi ha el rac\u00f3 amb de les emocions on els infants posen la seva foto a l&#8217;estat emocional corresponent.<\/div>\n<div class=\"mt-info-text\"><\/div>\n<div class=\"mt-info-text\"><a href=\"http:\/\/agora.xtec.cat\/ceip-santacreu-anglesola\/wp-content\/uploads\/usu483\/2018\/02\/20171027_093949.jpg\"><img loading=\"lazy\" decoding=\"async\" class=\"alignnone wp-image-464\" src=\"http:\/\/agora.xtec.cat\/ceip-santacreu-anglesola\/wp-content\/uploads\/usu483\/2018\/02\/20171027_093949.jpg\" alt=\"\" width=\"279\" height=\"209\" srcset=\"https:\/\/agora.xtec.cat\/ceip-santacreu-anglesola\/wp-content\/uploads\/usu483\/2018\/02\/20171027_093949.jpg 600w, https:\/\/agora.xtec.cat\/ceip-santacreu-anglesola\/wp-content\/uploads\/usu483\/2018\/02\/20171027_093949-300x225.jpg 300w, https:\/\/agora.xtec.cat\/ceip-santacreu-anglesola\/wp-content\/uploads\/usu483\/2018\/02\/20171027_093949-200x150.jpg 200w\" sizes=\"auto, (max-width: 279px) 100vw, 279px\" \/><\/a><\/div>\n<div class=\"mt-info-text\"><\/div>\n<div class=\"mt-info-text\"><\/div>\n<div class=\"mt-info-text\">Els alumnes m\u00e9s petits de prim\u00e0ria, tenen un rac\u00f3 a la classe amb les cares, d&#8217;on agafaran la cara que han de posar a la seva taula.<\/div>\n<div class=\"mt-info-text\"><\/div>\n<\/div>\n<p><img loading=\"lazy\" decoding=\"async\" class=\"alignnone wp-image-445 size-medium\" src=\"http:\/\/agora.xtec.cat\/ceip-santacreu-anglesola\/wp-content\/uploads\/usu483\/2018\/02\/DSC00355-300x225.jpg\" alt=\"\" width=\"300\" height=\"225\" srcset=\"https:\/\/agora.xtec.cat\/ceip-santacreu-anglesola\/wp-content\/uploads\/usu483\/2018\/02\/DSC00355-300x225.jpg 300w, https:\/\/agora.xtec.cat\/ceip-santacreu-anglesola\/wp-content\/uploads\/usu483\/2018\/02\/DSC00355-200x150.jpg 200w, https:\/\/agora.xtec.cat\/ceip-santacreu-anglesola\/wp-content\/uploads\/usu483\/2018\/02\/DSC00355.jpg 640w\" sizes=\"auto, (max-width: 300px) 100vw, 300px\" \/><\/p>\n<\/div>\n<p>En un raconet de la taula, tenen un espai per posar la cara que representa l&#8217;emoci\u00f3 que senten en aquell moment. Ho fan quan arriben al mat\u00ed, per\u00f2 ho poden anar canviant durant el dia, segons com es sentin.<\/p>\n<p><a href=\"http:\/\/agora.xtec.cat\/ceip-santacreu-anglesola\/wp-content\/uploads\/usu483\/2018\/02\/DSC00353.jpg\"><img loading=\"lazy\" decoding=\"async\" class=\"alignnone wp-image-443 size-medium\" src=\"http:\/\/agora.xtec.cat\/ceip-santacreu-anglesola\/wp-content\/uploads\/usu483\/2018\/02\/DSC00353-300x225.jpg\" alt=\"\" width=\"300\" height=\"225\" srcset=\"https:\/\/agora.xtec.cat\/ceip-santacreu-anglesola\/wp-content\/uploads\/usu483\/2018\/02\/DSC00353-300x225.jpg 300w, https:\/\/agora.xtec.cat\/ceip-santacreu-anglesola\/wp-content\/uploads\/usu483\/2018\/02\/DSC00353-200x150.jpg 200w, https:\/\/agora.xtec.cat\/ceip-santacreu-anglesola\/wp-content\/uploads\/usu483\/2018\/02\/DSC00353.jpg 640w\" sizes=\"auto, (max-width: 300px) 100vw, 300px\" \/><\/a> <a href=\"http:\/\/agora.xtec.cat\/ceip-santacreu-anglesola\/wp-content\/uploads\/usu483\/2018\/02\/DSC00352.jpg\"><img loading=\"lazy\" decoding=\"async\" class=\"alignnone wp-image-442 size-medium\" src=\"http:\/\/agora.xtec.cat\/ceip-santacreu-anglesola\/wp-content\/uploads\/usu483\/2018\/02\/DSC00352-300x225.jpg\" alt=\"\" width=\"300\" height=\"225\" srcset=\"https:\/\/agora.xtec.cat\/ceip-santacreu-anglesola\/wp-content\/uploads\/usu483\/2018\/02\/DSC00352-300x225.jpg 300w, https:\/\/agora.xtec.cat\/ceip-santacreu-anglesola\/wp-content\/uploads\/usu483\/2018\/02\/DSC00352-200x150.jpg 200w, https:\/\/agora.xtec.cat\/ceip-santacreu-anglesola\/wp-content\/uploads\/usu483\/2018\/02\/DSC00352.jpg 640w\" sizes=\"auto, (max-width: 300px) 100vw, 300px\" \/><\/a> <a href=\"http:\/\/agora.xtec.cat\/ceip-santacreu-anglesola\/wp-content\/uploads\/usu483\/2018\/02\/DSC00351.jpg\"><img loading=\"lazy\" decoding=\"async\" class=\"alignnone wp-image-441 size-medium\" src=\"http:\/\/agora.xtec.cat\/ceip-santacreu-anglesola\/wp-content\/uploads\/usu483\/2018\/02\/DSC00351-300x225.jpg\" alt=\"\" width=\"300\" height=\"225\" srcset=\"https:\/\/agora.xtec.cat\/ceip-santacreu-anglesola\/wp-content\/uploads\/usu483\/2018\/02\/DSC00351-300x225.jpg 300w, https:\/\/agora.xtec.cat\/ceip-santacreu-anglesola\/wp-content\/uploads\/usu483\/2018\/02\/DSC00351-200x150.jpg 200w, https:\/\/agora.xtec.cat\/ceip-santacreu-anglesola\/wp-content\/uploads\/usu483\/2018\/02\/DSC00351.jpg 640w\" sizes=\"auto, (max-width: 300px) 100vw, 300px\" \/><\/a> <a href=\"http:\/\/agora.xtec.cat\/ceip-santacreu-anglesola\/wp-content\/uploads\/usu483\/2018\/02\/DSC00348.jpg\"><img loading=\"lazy\" decoding=\"async\" class=\"alignnone wp-image-440 size-medium\" src=\"http:\/\/agora.xtec.cat\/ceip-santacreu-anglesola\/wp-content\/uploads\/usu483\/2018\/02\/DSC00348-300x225.jpg\" alt=\"\" width=\"300\" height=\"225\" srcset=\"https:\/\/agora.xtec.cat\/ceip-santacreu-anglesola\/wp-content\/uploads\/usu483\/2018\/02\/DSC00348-300x225.jpg 300w, https:\/\/agora.xtec.cat\/ceip-santacreu-anglesola\/wp-content\/uploads\/usu483\/2018\/02\/DSC00348-200x150.jpg 200w, https:\/\/agora.xtec.cat\/ceip-santacreu-anglesola\/wp-content\/uploads\/usu483\/2018\/02\/DSC00348.jpg 640w\" sizes=\"auto, (max-width: 300px) 100vw, 300px\" \/><\/a><a href=\"http:\/\/agora.xtec.cat\/ceip-santacreu-anglesola\/wp-content\/uploads\/usu483\/2018\/02\/DSC00354.jpg\"><img loading=\"lazy\" decoding=\"async\" class=\"alignnone wp-image-444\" src=\"http:\/\/agora.xtec.cat\/ceip-santacreu-anglesola\/wp-content\/uploads\/usu483\/2018\/02\/DSC00354.jpg\" alt=\"\" width=\"303\" height=\"226\" srcset=\"https:\/\/agora.xtec.cat\/ceip-santacreu-anglesola\/wp-content\/uploads\/usu483\/2018\/02\/DSC00354.jpg 640w, https:\/\/agora.xtec.cat\/ceip-santacreu-anglesola\/wp-content\/uploads\/usu483\/2018\/02\/DSC00354-300x225.jpg 300w, https:\/\/agora.xtec.cat\/ceip-santacreu-anglesola\/wp-content\/uploads\/usu483\/2018\/02\/DSC00354-200x150.jpg 200w\" sizes=\"auto, (max-width: 303px) 100vw, 303px\" \/><\/a><\/p>\n<div class=\"entry-content\">\n<p>\u00c9s una activitat molt \u00fatil, tant per l&#8217;alumnat com pels mestres. Fent una r\u00e0pida mirada a les taules, els mestres poden identificar com estan aquell dia cada nen i nena, aix\u00ed com ells mateixos poden identificar com es senten els companys i aix\u00ed,esbrinar\u00a0el motiu\u00a0i poder-lo ajudar a gestionar l&#8217;emoci\u00f3.<\/p>\n<\/div>\n","protected":false},"excerpt":{"rendered":"<p>Aquesta \u00e9s un activitat transversal dins del nostre projecte projecte d&#8217;educaci\u00f3 socioemocional. Els objectius de COM EM SENTO s\u00f3n:<\/p>\n<ul>\n<li>Ajudar a l&#8217;alumnat a recon\u00e8ixer les seves pr\u00f2pies emocions.<\/li>\n<li>Donar eines per prendre consci\u00e8ncia de les emocions i com poden canviar, ja que les emocions no s\u00f3n est\u00e0tiques.<\/li>\n<li>Donar&hellip;  <a href=\"https:\/\/agora.xtec.cat\/ceip-santacreu-anglesola\/educaciosocioemocional\/com-em-sento\/\" title=\"Read Com em sento?\">Llegeix m\u00e9s\u00bb<\/a><br \/>\n","protected":false},"author":1,"featured_media":466,"comment_status":"open","ping_status":"closed","sticky":false,"template":"","format":"standard","meta":{"_bbp_topic_count":0,"_bbp_reply_count":0,"_bbp_total_topic_count":0,"_bbp_total_reply_count":0,"_bbp_voice_count":0,"_bbp_anonymous_reply_count":0,"_bbp_topic_count_hidden":0,"_bbp_reply_count_hidden":0,"_bbp_forum_subforum_count":0,"footnotes":""},"categories":[46],"tags":[],"class_list":["post-427","post","type-post","status-publish","format-standard","has-post-thumbnail","hentry","category-educaciosocioemocional"],"post_mailing_queue_ids":[],"_links":{"self":[{"href":"https:\/\/agora.xtec.cat\/ceip-santacreu-anglesola\/wp-json\/wp\/v2\/posts\/427","targetHints":{"allow":["GET"]}}],"collection":[{"href":"https:\/\/agora.xtec.cat\/ceip-santacreu-anglesola\/wp-json\/wp\/v2\/posts"}],"about":[{"href":"https:\/\/agora.xtec.cat\/ceip-santacreu-anglesola\/wp-json\/wp\/v2\/types\/post"}],"author":[{"embeddable":true,"href":"https:\/\/agora.xtec.cat\/ceip-santacreu-anglesola\/wp-json\/wp\/v2\/users\/1"}],"replies":[{"embeddable":true,"href":"https:\/\/agora.xtec.cat\/ceip-santacreu-anglesola\/wp-json\/wp\/v2\/comments?post=427"}],"version-history":[{"count":3,"href":"https:\/\/agora.xtec.cat\/ceip-santacreu-anglesola\/wp-json\/wp\/v2\/posts\/427\/revisions"}],"predecessor-version":[{"id":467,"href":"https:\/\/agora.xtec.cat\/ceip-santacreu-anglesola\/wp-json\/wp\/v2\/posts\/427\/revisions\/467"}],"wp:featuredmedia":[{"embeddable":true,"href":"https:\/\/agora.xtec.cat\/ceip-santacreu-anglesola\/wp-json\/wp\/v2\/media\/466"}],"wp:attachment":[{"href":"https:\/\/agora.xtec.cat\/ceip-santacreu-anglesola\/wp-json\/wp\/v2\/media?parent=427"}],"wp:term":[{"taxonomy":"category","embeddable":true,"href":"https:\/\/agora.xtec.cat\/ceip-santacreu-anglesola\/wp-json\/wp\/v2\/categories?post=427"},{"taxonomy":"post_tag","embeddable":true,"href":"https:\/\/agora.xtec.cat\/ceip-santacreu-anglesola\/wp-json\/wp\/v2\/tags?post=427"}],"curies":[{"name":"wp","href":"https:\/\/api.w.org\/{rel}","templated":true}]}}