{"id":418,"date":"2018-01-29T12:57:18","date_gmt":"2018-01-29T11:57:18","guid":{"rendered":"http:\/\/agora.xtec.cat\/ceip-santacreu-anglesola\/?p=418"},"modified":"2021-03-12T14:12:37","modified_gmt":"2021-03-12T13:12:37","slug":"escoltam-tutoria-individualitzada","status":"publish","type":"post","link":"https:\/\/agora.xtec.cat\/ceip-santacreu-anglesola\/educaciosocioemocional\/escoltam-tutoria-individualitzada\/","title":{"rendered":"Escolta&#8217;m. Tutoria individualitzada."},"content":{"rendered":"<p>La nostra escola est\u00e0 duent a terme des del curs 17\/18 el projecte Escolta&#8217;m de tutoria individualitzada. Aquest projecte est\u00e0 incl\u00f2s dins dels projectes de l\u2019escola d\u2019educaci\u00f3 socioemocional i el de conviv\u00e8ncia. Primer de tot, el claustre vam comen\u00e7ar una formaci\u00f3 per poder-lo dur a terme impartida per l&#8217;ICE de la UdL i aquest curs estem fent el segon any de formaci\u00f3 que \u00e9s de seguiment. A m\u00e9s a m\u00e9s, la referent &#8220;Escolta&#8217;m&#8221; de l&#8217;escola assisteix a les reunions peri\u00f2diques que s&#8217;organitzen per compartir experi\u00e8ncies, informacions, etc., amb les altres escoles de la prov\u00edncia de Lleida que tamb\u00e9 el duen a terme.<\/p>\n<p>El projecte es desenvolupa de la seg\u00fcent manera: un cop a la setmana cada tutora de prim\u00e0ria es reuneix durant 30 minuts amb 3 alumnes de la classe. Durant aquesta estona els nens i nenes parlen del que ells vulguin. Hi ha un espai de l\u2019escola que ha estat decorat i preparat per a qu\u00e8 aquesta estona sigui molt agradable. De fet, els infants esperen amb moltes ganes el moment. Els agrada molt compartir un temps de tranquil\u00b7litat amb la seva tutora i sentir-se escoltats, la qual cosa els \u00e9s molt positiu per la seva autoestima, ajuda a millorar el clima de la classe i l\u2019escola i com a conseq\u00fc\u00e8ncia milloren els resultats educatius.<\/p>\n<p>Els objectius del projecte s\u00f3n:<\/p>\n<ul>\n<li>Fer que l\u2019alumnat senti l\u2019escola com un espai segur on es pugui reflexionar i compartir idees i sentiments.<\/li>\n<li>Centrar la mirada en els elements que afavoreixen el progr\u00e9s dels alumnes m\u00e9s que en les causes dels seus problemes.<\/li>\n<li>Desenvolupar habilitats de comunicaci\u00f3 i relaci\u00f3 entre iguals.<\/li>\n<li>Proporcionar al grup-classe un bon clima emocional i la motivaci\u00f3 per voler aprendre i treballar al centre educatiu.<\/li>\n<li>Promoure el di\u00e0leg i el respecte a les difer\u00e8ncies individuals.<\/li>\n<li>Establir un vincle positiu entre el tutor\/a i l\u2019alumnat.<\/li>\n<\/ul>\n<p><a href=\"http:\/\/agora.xtec.cat\/ceip-santacreu-anglesola\/wp-content\/uploads\/usu483\/2018\/01\/7.jpg\"><img loading=\"lazy\" decoding=\"async\" class=\"alignnone wp-image-419\" src=\"http:\/\/agora.xtec.cat\/ceip-santacreu-anglesola\/wp-content\/uploads\/usu483\/2018\/01\/7-617x1024.jpg\" alt=\"\" width=\"176\" height=\"292\" srcset=\"https:\/\/agora.xtec.cat\/ceip-santacreu-anglesola\/wp-content\/uploads\/usu483\/2018\/01\/7-617x1024.jpg 617w, https:\/\/agora.xtec.cat\/ceip-santacreu-anglesola\/wp-content\/uploads\/usu483\/2018\/01\/7-181x300.jpg 181w, https:\/\/agora.xtec.cat\/ceip-santacreu-anglesola\/wp-content\/uploads\/usu483\/2018\/01\/7-768x1274.jpg 768w\" sizes=\"auto, (max-width: 176px) 100vw, 176px\" \/><img loading=\"lazy\" decoding=\"async\" class=\"alignnone wp-image-420\" src=\"http:\/\/agora.xtec.cat\/ceip-santacreu-anglesola\/wp-content\/uploads\/usu483\/2018\/01\/1r.jpg\" alt=\"\" width=\"208\" height=\"156\" srcset=\"https:\/\/agora.xtec.cat\/ceip-santacreu-anglesola\/wp-content\/uploads\/usu483\/2018\/01\/1r.jpg 600w, https:\/\/agora.xtec.cat\/ceip-santacreu-anglesola\/wp-content\/uploads\/usu483\/2018\/01\/1r-300x225.jpg 300w, https:\/\/agora.xtec.cat\/ceip-santacreu-anglesola\/wp-content\/uploads\/usu483\/2018\/01\/1r-200x150.jpg 200w\" sizes=\"auto, (max-width: 208px) 100vw, 208px\" \/><\/a><\/p>\n<p><a href=\"http:\/\/agora.xtec.cat\/ceip-santacreu-anglesola\/wp-content\/uploads\/usu483\/2018\/01\/3ra.jpg\"><img loading=\"lazy\" decoding=\"async\" class=\"alignnone wp-image-421\" src=\"http:\/\/agora.xtec.cat\/ceip-santacreu-anglesola\/wp-content\/uploads\/usu483\/2018\/01\/3ra.jpg\" alt=\"\" width=\"221\" height=\"147\" srcset=\"https:\/\/agora.xtec.cat\/ceip-santacreu-anglesola\/wp-content\/uploads\/usu483\/2018\/01\/3ra.jpg 600w, https:\/\/agora.xtec.cat\/ceip-santacreu-anglesola\/wp-content\/uploads\/usu483\/2018\/01\/3ra-300x200.jpg 300w\" sizes=\"auto, (max-width: 221px) 100vw, 221px\" \/><\/a><\/p>\n<p>&nbsp;<\/p>\n","protected":false},"excerpt":{"rendered":"<p>La nostra escola est\u00e0 duent a terme des del curs 17\/18 el projecte Escolta&#8217;m de tutoria individualitzada. Aquest projecte est\u00e0 incl\u00f2s dins dels projectes de l\u2019escola d\u2019educaci\u00f3 socioemocional i el de conviv\u00e8ncia. Primer de tot, el claustre vam comen\u00e7ar una formaci\u00f3 per poder-lo dur a&hellip;  <a href=\"https:\/\/agora.xtec.cat\/ceip-santacreu-anglesola\/educaciosocioemocional\/escoltam-tutoria-individualitzada\/\" title=\"Read Escolta&#8217;m. Tutoria individualitzada.\">Llegeix m\u00e9s\u00bb<\/a><\/p>\n","protected":false},"author":3,"featured_media":419,"comment_status":"open","ping_status":"closed","sticky":false,"template":"","format":"standard","meta":{"_bbp_topic_count":0,"_bbp_reply_count":0,"_bbp_total_topic_count":0,"_bbp_total_reply_count":0,"_bbp_voice_count":0,"_bbp_anonymous_reply_count":0,"_bbp_topic_count_hidden":0,"_bbp_reply_count_hidden":0,"_bbp_forum_subforum_count":0,"footnotes":""},"categories":[46],"tags":[],"class_list":["post-418","post","type-post","status-publish","format-standard","has-post-thumbnail","hentry","category-educaciosocioemocional"],"post_mailing_queue_ids":[],"_links":{"self":[{"href":"https:\/\/agora.xtec.cat\/ceip-santacreu-anglesola\/wp-json\/wp\/v2\/posts\/418","targetHints":{"allow":["GET"]}}],"collection":[{"href":"https:\/\/agora.xtec.cat\/ceip-santacreu-anglesola\/wp-json\/wp\/v2\/posts"}],"about":[{"href":"https:\/\/agora.xtec.cat\/ceip-santacreu-anglesola\/wp-json\/wp\/v2\/types\/post"}],"author":[{"embeddable":true,"href":"https:\/\/agora.xtec.cat\/ceip-santacreu-anglesola\/wp-json\/wp\/v2\/users\/3"}],"replies":[{"embeddable":true,"href":"https:\/\/agora.xtec.cat\/ceip-santacreu-anglesola\/wp-json\/wp\/v2\/comments?post=418"}],"version-history":[{"count":4,"href":"https:\/\/agora.xtec.cat\/ceip-santacreu-anglesola\/wp-json\/wp\/v2\/posts\/418\/revisions"}],"predecessor-version":[{"id":3760,"href":"https:\/\/agora.xtec.cat\/ceip-santacreu-anglesola\/wp-json\/wp\/v2\/posts\/418\/revisions\/3760"}],"wp:featuredmedia":[{"embeddable":true,"href":"https:\/\/agora.xtec.cat\/ceip-santacreu-anglesola\/wp-json\/wp\/v2\/media\/419"}],"wp:attachment":[{"href":"https:\/\/agora.xtec.cat\/ceip-santacreu-anglesola\/wp-json\/wp\/v2\/media?parent=418"}],"wp:term":[{"taxonomy":"category","embeddable":true,"href":"https:\/\/agora.xtec.cat\/ceip-santacreu-anglesola\/wp-json\/wp\/v2\/categories?post=418"},{"taxonomy":"post_tag","embeddable":true,"href":"https:\/\/agora.xtec.cat\/ceip-santacreu-anglesola\/wp-json\/wp\/v2\/tags?post=418"}],"curies":[{"name":"wp","href":"https:\/\/api.w.org\/{rel}","templated":true}]}}