{"id":4151,"date":"2021-06-14T11:44:16","date_gmt":"2021-06-14T09:44:16","guid":{"rendered":"http:\/\/agora.xtec.cat\/ceip-santacreu-anglesola\/?p=4151"},"modified":"2021-06-16T11:45:30","modified_gmt":"2021-06-16T09:45:30","slug":"cursa-solidaria-per-pallassos-sense-fronteres","status":"publish","type":"post","link":"https:\/\/agora.xtec.cat\/ceip-santacreu-anglesola\/portada\/cursa-solidaria-per-pallassos-sense-fronteres\/","title":{"rendered":"Cursa solid\u00e0ria per Pallassos sense fronteres."},"content":{"rendered":"<p>El passat divendres dia 11 de juny va tenir lloc la Cursa Solid\u00e0ria de l&#8217;Escola.<\/p>\n<p>Cada alumne de forma volunt\u00e0ria aportava 1 euro per participar-hi. Els diners recollits els lliurarem a la ONG <strong>PALLASSOS SENSE FRONTERES.<\/strong><\/p>\n<p>Tot l&#8217;alumnat va participar en les diferents curses adaptades a cada edat. Les curses es van fer per grups estables.<\/p>\n<p>I els guanyadors en categoria van rebre una medalla en reconeixement a l&#8217;esfor\u00e7.<\/p>\n<p>Per\u00f2 all\u00f2 important de la cursa no \u00e9s pas quedar en primer lloc <strong>ALL\u00d2 IMPORTANT \u00c9S PARTICIPAR I COL\u00b7LABORAR AMB L&#8217;ONG.<\/strong><\/p>\n<p><a href=\"https:\/\/agora.xtec.cat\/ceip-santacreu-anglesola\/?p=4156&amp;preview=true\"><img loading=\"lazy\" decoding=\"async\" class=\"alignnone wp-image-4154\" src=\"https:\/\/agora.xtec.cat\/ceip-santacreu-anglesola\/wp-content\/uploads\/usu483\/2021\/06\/IMG_0204-300x200.jpg\" alt=\"\" width=\"419\" height=\"279\" srcset=\"https:\/\/agora.xtec.cat\/ceip-santacreu-anglesola\/wp-content\/uploads\/usu483\/2021\/06\/IMG_0204-300x200.jpg 300w, https:\/\/agora.xtec.cat\/ceip-santacreu-anglesola\/wp-content\/uploads\/usu483\/2021\/06\/IMG_0204-768x512.jpg 768w, https:\/\/agora.xtec.cat\/ceip-santacreu-anglesola\/wp-content\/uploads\/usu483\/2021\/06\/IMG_0204.jpg 1024w\" sizes=\"auto, (max-width: 419px) 100vw, 419px\" \/><\/a> <a href=\"https:\/\/agora.xtec.cat\/ceip-santacreu-anglesola\/?p=4156&amp;preview=true\"><img loading=\"lazy\" decoding=\"async\" class=\"alignnone wp-image-4153\" src=\"https:\/\/agora.xtec.cat\/ceip-santacreu-anglesola\/wp-content\/uploads\/usu483\/2021\/06\/CURSA-300x257.jpeg\" alt=\"\" width=\"226\" height=\"194\" srcset=\"https:\/\/agora.xtec.cat\/ceip-santacreu-anglesola\/wp-content\/uploads\/usu483\/2021\/06\/CURSA-300x257.jpeg 300w, https:\/\/agora.xtec.cat\/ceip-santacreu-anglesola\/wp-content\/uploads\/usu483\/2021\/06\/CURSA-768x657.jpeg 768w, https:\/\/agora.xtec.cat\/ceip-santacreu-anglesola\/wp-content\/uploads\/usu483\/2021\/06\/CURSA-1024x876.jpeg 1024w, https:\/\/agora.xtec.cat\/ceip-santacreu-anglesola\/wp-content\/uploads\/usu483\/2021\/06\/CURSA.jpeg 1600w\" sizes=\"auto, (max-width: 226px) 100vw, 226px\" \/><\/a><\/p>\n","protected":false},"excerpt":{"rendered":"<p>El passat divendres dia 11 de juny va tenir lloc la Cursa Solid\u00e0ria de l&#8217;Escola.<br \/>\nCada alumne de forma volunt\u00e0ria aportava 1 euro per participar-hi. Els diners recollits els lliurarem a la ONG PALLASSOS SENSE FRONTERES.<br \/>\nTot l&#8217;alumnat va participar en les diferents curses adaptades a cada&hellip;  <a href=\"https:\/\/agora.xtec.cat\/ceip-santacreu-anglesola\/portada\/cursa-solidaria-per-pallassos-sense-fronteres\/\" title=\"Read Cursa solid\u00e0ria per Pallassos sense fronteres.\">Llegeix m\u00e9s\u00bb<\/a><\/p>\n","protected":false},"author":1,"featured_media":4154,"comment_status":"open","ping_status":"closed","sticky":false,"template":"","format":"standard","meta":{"_bbp_topic_count":0,"_bbp_reply_count":0,"_bbp_total_topic_count":0,"_bbp_total_reply_count":0,"_bbp_voice_count":0,"_bbp_anonymous_reply_count":0,"_bbp_topic_count_hidden":0,"_bbp_reply_count_hidden":0,"_bbp_forum_subforum_count":0,"footnotes":""},"categories":[4],"tags":[],"class_list":["post-4151","post","type-post","status-publish","format-standard","has-post-thumbnail","hentry","category-portada"],"post_mailing_queue_ids":[],"_links":{"self":[{"href":"https:\/\/agora.xtec.cat\/ceip-santacreu-anglesola\/wp-json\/wp\/v2\/posts\/4151","targetHints":{"allow":["GET"]}}],"collection":[{"href":"https:\/\/agora.xtec.cat\/ceip-santacreu-anglesola\/wp-json\/wp\/v2\/posts"}],"about":[{"href":"https:\/\/agora.xtec.cat\/ceip-santacreu-anglesola\/wp-json\/wp\/v2\/types\/post"}],"author":[{"embeddable":true,"href":"https:\/\/agora.xtec.cat\/ceip-santacreu-anglesola\/wp-json\/wp\/v2\/users\/1"}],"replies":[{"embeddable":true,"href":"https:\/\/agora.xtec.cat\/ceip-santacreu-anglesola\/wp-json\/wp\/v2\/comments?post=4151"}],"version-history":[{"count":3,"href":"https:\/\/agora.xtec.cat\/ceip-santacreu-anglesola\/wp-json\/wp\/v2\/posts\/4151\/revisions"}],"predecessor-version":[{"id":4158,"href":"https:\/\/agora.xtec.cat\/ceip-santacreu-anglesola\/wp-json\/wp\/v2\/posts\/4151\/revisions\/4158"}],"wp:featuredmedia":[{"embeddable":true,"href":"https:\/\/agora.xtec.cat\/ceip-santacreu-anglesola\/wp-json\/wp\/v2\/media\/4154"}],"wp:attachment":[{"href":"https:\/\/agora.xtec.cat\/ceip-santacreu-anglesola\/wp-json\/wp\/v2\/media?parent=4151"}],"wp:term":[{"taxonomy":"category","embeddable":true,"href":"https:\/\/agora.xtec.cat\/ceip-santacreu-anglesola\/wp-json\/wp\/v2\/categories?post=4151"},{"taxonomy":"post_tag","embeddable":true,"href":"https:\/\/agora.xtec.cat\/ceip-santacreu-anglesola\/wp-json\/wp\/v2\/tags?post=4151"}],"curies":[{"name":"wp","href":"https:\/\/api.w.org\/{rel}","templated":true}]}}