{"id":4130,"date":"2021-05-24T12:39:46","date_gmt":"2021-05-24T10:39:46","guid":{"rendered":"http:\/\/agora.xtec.cat\/ceip-santacreu-anglesola\/?p=4130"},"modified":"2021-05-24T13:22:57","modified_gmt":"2021-05-24T11:22:57","slug":"mobilitzat-per-la-selva-escola-dels-grans-5e-i-6e","status":"publish","type":"post","link":"https:\/\/agora.xtec.cat\/ceip-santacreu-anglesola\/portada\/mobilitzat-per-la-selva-escola-dels-grans-5e-i-6e\/","title":{"rendered":"&#8220;Mobilitza&#8217;t per la selva&#8221; Escola dels grans: 5\u00e8 i 6\u00e8"},"content":{"rendered":"<p>Els alumnes de cicle superior estem duent a terme un projecte relacionat amb els objectius del desenvolupament sostenible que L&#8217;ONU ha marcat com a fita per aconseguir-los el 2030 i aix\u00ed poder viure en un m\u00f3n millor i m\u00e9s sostenible. Actualment estem treballant l&#8217;ODS 15 que \u00e9s &#8221;La vida terrestre&#8221; gr\u00e0cies a aquest ODS ens vam interessar en el projecte de recollida de m\u00f2bils: &#8221;Mobilitza&#8217;t per la selva&#8221;, de l&#8217;institut\u00a0Jane\u00a0Goodall\u00a0de Barcelona.<\/p>\n<p>Aquest projecte consisteix en recollir m\u00f2bils vells per a reciclar-los, aix\u00ed d\u2019aquesta manera ajudem a ser m\u00e9s sostenibles i no tan contaminants. A m\u00e9s a m\u00e9s, ajudem a reciclar el coltan que hi ha als nostres m\u00f2bils, que \u00e9s un mineral que s&#8217;extreu de les mines del Congo provocant molts problemes a les persones i als animals que hi viuen.<\/p>\n<p>Hem habilitat tres punts de recollida: l\u2019escola, l\u2019ajuntament i el Bon\u00c0rea. El dia 10 de juny anirem a buscar-los i els portarem a l&#8217;escola. Llavors els enviarem a l&#8217;institut\u00a0Jane\u00a0Goodal\u00a0de Barcelona.<\/p>\n<h4 style=\"text-align: center;\"><span style=\"color: #ff00ff;\"><strong>Demanem els m\u00e0xims m\u00f2bils perqu\u00e8 per cada 30, podrem apadrinar un ximpanz\u00e9 !!!<\/strong><\/span><\/h4>\n<p>&nbsp;<\/p>\n<p style=\"text-align: center;\">Clica a la imatge<\/p>\n<p><a href=\"http:\/\/agora.xtec.cat\/ceip-santacreu-anglesola\/general\/mobilitzat-per-la-selva\/\" target=\"_blank\" rel=\"noopener noreferrer\"><img loading=\"lazy\" decoding=\"async\" class=\"size-full wp-image-4131 aligncenter\" src=\"https:\/\/agora.xtec.cat\/ceip-santacreu-anglesola\/wp-content\/uploads\/usu483\/2021\/05\/LoGo_Movil_CAT.jpg\" alt=\"\" width=\"225\" height=\"239\" \/><\/a><\/p>\n","protected":false},"excerpt":{"rendered":"<p>Els alumnes de cicle superior estem duent a terme un projecte relacionat amb els objectius del desenvolupament sostenible que L&#8217;ONU ha marcat com a fita per aconseguir-los el 2030 i aix\u00ed poder viure en un m\u00f3n millor i m\u00e9s sostenible. Actualment estem treballant l&#8217;ODS 15 que \u00e9s &#8221;La vida terrestre&#8221; gr\u00e0cies a aquest ODS ens vam interessar en el projecte de recollida de m\u00f2bils: &#8221;Mobilitza&#8217;t per la selva&#8221;, de l&#8217;institut\u00a0Jane\u00a0Goodall\u00a0de Barcelona.&hellip;  <a href=\"https:\/\/agora.xtec.cat\/ceip-santacreu-anglesola\/portada\/mobilitzat-per-la-selva-escola-dels-grans-5e-i-6e\/\" title=\"Read &#8220;Mobilitza&#8217;t per la selva&#8221; Escola dels grans: 5\u00e8 i 6\u00e8\">Llegeix m\u00e9s\u00bb<\/a><\/p>\n","protected":false},"author":1,"featured_media":4131,"comment_status":"open","ping_status":"closed","sticky":false,"template":"","format":"standard","meta":{"_bbp_topic_count":0,"_bbp_reply_count":0,"_bbp_total_topic_count":0,"_bbp_total_reply_count":0,"_bbp_voice_count":0,"_bbp_anonymous_reply_count":0,"_bbp_topic_count_hidden":0,"_bbp_reply_count_hidden":0,"_bbp_forum_subforum_count":0,"footnotes":""},"categories":[4],"tags":[],"class_list":["post-4130","post","type-post","status-publish","format-standard","has-post-thumbnail","hentry","category-portada"],"post_mailing_queue_ids":[],"_links":{"self":[{"href":"https:\/\/agora.xtec.cat\/ceip-santacreu-anglesola\/wp-json\/wp\/v2\/posts\/4130","targetHints":{"allow":["GET"]}}],"collection":[{"href":"https:\/\/agora.xtec.cat\/ceip-santacreu-anglesola\/wp-json\/wp\/v2\/posts"}],"about":[{"href":"https:\/\/agora.xtec.cat\/ceip-santacreu-anglesola\/wp-json\/wp\/v2\/types\/post"}],"author":[{"embeddable":true,"href":"https:\/\/agora.xtec.cat\/ceip-santacreu-anglesola\/wp-json\/wp\/v2\/users\/1"}],"replies":[{"embeddable":true,"href":"https:\/\/agora.xtec.cat\/ceip-santacreu-anglesola\/wp-json\/wp\/v2\/comments?post=4130"}],"version-history":[{"count":3,"href":"https:\/\/agora.xtec.cat\/ceip-santacreu-anglesola\/wp-json\/wp\/v2\/posts\/4130\/revisions"}],"predecessor-version":[{"id":4143,"href":"https:\/\/agora.xtec.cat\/ceip-santacreu-anglesola\/wp-json\/wp\/v2\/posts\/4130\/revisions\/4143"}],"wp:featuredmedia":[{"embeddable":true,"href":"https:\/\/agora.xtec.cat\/ceip-santacreu-anglesola\/wp-json\/wp\/v2\/media\/4131"}],"wp:attachment":[{"href":"https:\/\/agora.xtec.cat\/ceip-santacreu-anglesola\/wp-json\/wp\/v2\/media?parent=4130"}],"wp:term":[{"taxonomy":"category","embeddable":true,"href":"https:\/\/agora.xtec.cat\/ceip-santacreu-anglesola\/wp-json\/wp\/v2\/categories?post=4130"},{"taxonomy":"post_tag","embeddable":true,"href":"https:\/\/agora.xtec.cat\/ceip-santacreu-anglesola\/wp-json\/wp\/v2\/tags?post=4130"}],"curies":[{"name":"wp","href":"https:\/\/api.w.org\/{rel}","templated":true}]}}