{"id":3978,"date":"2021-04-27T15:25:56","date_gmt":"2021-04-27T13:25:56","guid":{"rendered":"http:\/\/agora.xtec.cat\/ceip-santacreu-anglesola\/?p=3978"},"modified":"2021-04-27T15:32:20","modified_gmt":"2021-04-27T13:32:20","slug":"celebrem-sant-jordi-a-lescola","status":"publish","type":"post","link":"https:\/\/agora.xtec.cat\/ceip-santacreu-anglesola\/general\/celebrem-sant-jordi-a-lescola\/","title":{"rendered":"Celebrem Sant Jordi a l&#8217;Escola."},"content":{"rendered":"<p>El divendres 23 d\u2019abril, com cada any, arriba la festa de Sant Jordi i a l\u2019Escola Santa Creu ho vam celebrar.<\/p>\n<p>Durant la setmana vam aprofitar per gaudir de la literatura en tota la seva ess\u00e8ncia i vam realitzar diverses activitats relacionades amb aquesta diada: lectures, poemes, contes, rimes, rodolins, can\u00e7ons i tamb\u00e9 manualitats de dracs i roses que vam anar preparant per aquest gran dia.<\/p>\n<p>La Diada de Sant Jordi la vam celebrar durant el mat\u00ed, els m\u00e9s petits, fent-nos fotos al <em>photocall <\/em>de <strong>Sant Jordi i la princesa<\/strong>. A la tarda vam sortir al pati a visitar la <strong>parada de llibres<\/strong> nous que l\u2019escola va comprar per a la nostra biblioteca. Seguidament, separats per espais, vam poder gaudir d\u2019un bonic <strong>espectacle<\/strong> realitzat per l&#8217;alumnat de l\u2019escola.<\/p>\n<p>Per altra banda, els alumnes de 6\u00e8, que es trobaven confinats a casa seva, tamb\u00e9 van poder celebrar la Diada mitjan\u00e7ant un <em>Padlet<\/em>, on tots van anar penjant les seves poesies, dibuixos, fotos o v\u00eddeos relacionats amb la diada, tot fent un aperitiu.<\/p>\n<p>Un curs m\u00e9s vam poder gaudir de la nostra Diada fent activitats tots plegats.<\/p>\n<p>Clica a la imatge per accedir a l&#8217;article protegit.<\/p>\n<p><a href=\"https:\/\/agora.xtec.cat\/ceip-santacreu-anglesola\/?p=3990&amp;preview=true\"><img loading=\"lazy\" decoding=\"async\" class=\"wp-image-3981 aligncenter\" src=\"https:\/\/agora.xtec.cat\/ceip-santacreu-anglesola\/wp-content\/uploads\/usu483\/2021\/04\/IMG_0022-2.jpg\" alt=\"\" width=\"250\" height=\"194\" \/><\/a><\/p>\n<p style=\"text-align: center;\">\n","protected":false},"excerpt":{"rendered":"<p>El divendres 23 d\u2019abril, com cada any, arriba la festa de Sant Jordi i a l\u2019Escola Santa Creu ho vam celebrar.<br \/>\nDurant la setmana vam aprofitar per gaudir de la literatura en tota la seva ess\u00e8ncia i vam realitzar diverses activitats relacionades amb aquesta diada: lectures,&hellip;  <a href=\"https:\/\/agora.xtec.cat\/ceip-santacreu-anglesola\/general\/celebrem-sant-jordi-a-lescola\/\" title=\"Read Celebrem Sant Jordi a l&#8217;Escola.\">Llegeix m\u00e9s\u00bb<\/a><\/p>\n","protected":false},"author":16,"featured_media":3981,"comment_status":"open","ping_status":"closed","sticky":false,"template":"","format":"standard","meta":{"_bbp_topic_count":0,"_bbp_reply_count":0,"_bbp_total_topic_count":0,"_bbp_total_reply_count":0,"_bbp_voice_count":0,"_bbp_anonymous_reply_count":0,"_bbp_topic_count_hidden":0,"_bbp_reply_count_hidden":0,"_bbp_forum_subforum_count":0,"footnotes":""},"categories":[1,2,4,5],"tags":[],"class_list":["post-3978","post","type-post","status-publish","format-standard","has-post-thumbnail","hentry","category-general","category-infantil","category-portada","category-primaria"],"post_mailing_queue_ids":[],"_links":{"self":[{"href":"https:\/\/agora.xtec.cat\/ceip-santacreu-anglesola\/wp-json\/wp\/v2\/posts\/3978","targetHints":{"allow":["GET"]}}],"collection":[{"href":"https:\/\/agora.xtec.cat\/ceip-santacreu-anglesola\/wp-json\/wp\/v2\/posts"}],"about":[{"href":"https:\/\/agora.xtec.cat\/ceip-santacreu-anglesola\/wp-json\/wp\/v2\/types\/post"}],"author":[{"embeddable":true,"href":"https:\/\/agora.xtec.cat\/ceip-santacreu-anglesola\/wp-json\/wp\/v2\/users\/16"}],"replies":[{"embeddable":true,"href":"https:\/\/agora.xtec.cat\/ceip-santacreu-anglesola\/wp-json\/wp\/v2\/comments?post=3978"}],"version-history":[{"count":4,"href":"https:\/\/agora.xtec.cat\/ceip-santacreu-anglesola\/wp-json\/wp\/v2\/posts\/3978\/revisions"}],"predecessor-version":[{"id":3999,"href":"https:\/\/agora.xtec.cat\/ceip-santacreu-anglesola\/wp-json\/wp\/v2\/posts\/3978\/revisions\/3999"}],"wp:featuredmedia":[{"embeddable":true,"href":"https:\/\/agora.xtec.cat\/ceip-santacreu-anglesola\/wp-json\/wp\/v2\/media\/3981"}],"wp:attachment":[{"href":"https:\/\/agora.xtec.cat\/ceip-santacreu-anglesola\/wp-json\/wp\/v2\/media?parent=3978"}],"wp:term":[{"taxonomy":"category","embeddable":true,"href":"https:\/\/agora.xtec.cat\/ceip-santacreu-anglesola\/wp-json\/wp\/v2\/categories?post=3978"},{"taxonomy":"post_tag","embeddable":true,"href":"https:\/\/agora.xtec.cat\/ceip-santacreu-anglesola\/wp-json\/wp\/v2\/tags?post=3978"}],"curies":[{"name":"wp","href":"https:\/\/api.w.org\/{rel}","templated":true}]}}