{"id":395,"date":"2018-01-19T15:30:56","date_gmt":"2018-01-19T14:30:56","guid":{"rendered":"http:\/\/agora.xtec.cat\/ceip-santacreu-anglesola\/?p=395"},"modified":"2018-01-29T12:50:16","modified_gmt":"2018-01-29T11:50:16","slug":"diari-a-lescola","status":"publish","type":"post","link":"https:\/\/agora.xtec.cat\/ceip-santacreu-anglesola\/educaciosocioemocional\/diari-a-lescola\/","title":{"rendered":"Diari emocional a l&#8217;escola ."},"content":{"rendered":"<p>\u00c9s important recon\u00e8ixer les emocions i aprendre a expressar-les. Per aix\u00f2 pensem que una manera de fer-ho \u00e9s a trav\u00e9s del diari personal en el que els nens i nenes poden escriure les seves experi\u00e8ncies, els seus sentiments, les seves idees, etc. Per a impulsar aquesta activitat ens vam inspirar en el treball d&#8217;altres escoles i en el documental &#8220;Pensant en els altres&#8221; em\u00e8s en el programa 60 minuts, sobre el mestre japon\u00e8s Toshiro Kanamori.<\/p>\n<p>1r i 2n tenen un diari com\u00fa de classe on cada infant pot escriure quan ho necessita. De 3r a 6\u00e8 cada nen i nena t\u00e9 el seu diari personal. Aquest curs, dins del projecte Erasmus + &#8220;We feel, we learn&#8221;, que estem duent a terme, hem editat una llibreta amb el logo del projecte (foto de la dreta) per a cada infant a partir de 3r.<\/p>\n<p><img loading=\"lazy\" decoding=\"async\" class=\"\" src=\"http:\/\/blocs.xtec.cat\/erasmusplus\/files\/2017\/05\/DSC04768.jpg\" alt=\"DSC04768\" width=\"219\" height=\"291\" \/><a href=\"http:\/\/agora.xtec.cat\/ceip-santacreu-anglesola\/wp-content\/uploads\/usu483\/2018\/01\/llibretaerasmus.jpg\"><img loading=\"lazy\" decoding=\"async\" class=\"alignnone wp-image-385\" src=\"http:\/\/agora.xtec.cat\/ceip-santacreu-anglesola\/wp-content\/uploads\/usu483\/2018\/01\/llibretaerasmus-e1516355951896-768x1024.jpg\" alt=\"\" width=\"219\" height=\"292\" srcset=\"https:\/\/agora.xtec.cat\/ceip-santacreu-anglesola\/wp-content\/uploads\/usu483\/2018\/01\/llibretaerasmus-e1516355951896-768x1024.jpg 768w, https:\/\/agora.xtec.cat\/ceip-santacreu-anglesola\/wp-content\/uploads\/usu483\/2018\/01\/llibretaerasmus-e1516355951896-225x300.jpg 225w, https:\/\/agora.xtec.cat\/ceip-santacreu-anglesola\/wp-content\/uploads\/usu483\/2018\/01\/llibretaerasmus-e1516355951896.jpg 1944w\" sizes=\"auto, (max-width: 219px) 100vw, 219px\" \/><\/a><\/p>\n","protected":false},"excerpt":{"rendered":"<p>\u00c9s important recon\u00e8ixer les emocions i aprendre a expressar-les. Per aix\u00f2 pensem que una manera de fer-ho \u00e9s a trav\u00e9s del diari personal en el que els nens i nenes poden escriure les seves experi\u00e8ncies, els seus sentiments, les seves idees, etc. Per a impulsar&hellip;  <a href=\"https:\/\/agora.xtec.cat\/ceip-santacreu-anglesola\/educaciosocioemocional\/diari-a-lescola\/\" title=\"Read Diari emocional a l&#8217;escola .\">Llegeix m\u00e9s\u00bb<\/a><\/p>\n","protected":false},"author":4,"featured_media":0,"comment_status":"open","ping_status":"closed","sticky":false,"template":"","format":"standard","meta":{"_bbp_topic_count":0,"_bbp_reply_count":0,"_bbp_total_topic_count":0,"_bbp_total_reply_count":0,"_bbp_voice_count":0,"_bbp_anonymous_reply_count":0,"_bbp_topic_count_hidden":0,"_bbp_reply_count_hidden":0,"_bbp_forum_subforum_count":0,"footnotes":""},"categories":[46],"tags":[],"class_list":["post-395","post","type-post","status-publish","format-standard","hentry","category-educaciosocioemocional"],"post_mailing_queue_ids":[],"_links":{"self":[{"href":"https:\/\/agora.xtec.cat\/ceip-santacreu-anglesola\/wp-json\/wp\/v2\/posts\/395","targetHints":{"allow":["GET"]}}],"collection":[{"href":"https:\/\/agora.xtec.cat\/ceip-santacreu-anglesola\/wp-json\/wp\/v2\/posts"}],"about":[{"href":"https:\/\/agora.xtec.cat\/ceip-santacreu-anglesola\/wp-json\/wp\/v2\/types\/post"}],"author":[{"embeddable":true,"href":"https:\/\/agora.xtec.cat\/ceip-santacreu-anglesola\/wp-json\/wp\/v2\/users\/4"}],"replies":[{"embeddable":true,"href":"https:\/\/agora.xtec.cat\/ceip-santacreu-anglesola\/wp-json\/wp\/v2\/comments?post=395"}],"version-history":[{"count":3,"href":"https:\/\/agora.xtec.cat\/ceip-santacreu-anglesola\/wp-json\/wp\/v2\/posts\/395\/revisions"}],"predecessor-version":[{"id":417,"href":"https:\/\/agora.xtec.cat\/ceip-santacreu-anglesola\/wp-json\/wp\/v2\/posts\/395\/revisions\/417"}],"wp:attachment":[{"href":"https:\/\/agora.xtec.cat\/ceip-santacreu-anglesola\/wp-json\/wp\/v2\/media?parent=395"}],"wp:term":[{"taxonomy":"category","embeddable":true,"href":"https:\/\/agora.xtec.cat\/ceip-santacreu-anglesola\/wp-json\/wp\/v2\/categories?post=395"},{"taxonomy":"post_tag","embeddable":true,"href":"https:\/\/agora.xtec.cat\/ceip-santacreu-anglesola\/wp-json\/wp\/v2\/tags?post=395"}],"curies":[{"name":"wp","href":"https:\/\/api.w.org\/{rel}","templated":true}]}}