{"id":3918,"date":"2021-04-13T20:14:49","date_gmt":"2021-04-13T18:14:49","guid":{"rendered":"http:\/\/agora.xtec.cat\/ceip-santacreu-anglesola\/?p=3918"},"modified":"2021-04-13T20:17:27","modified_gmt":"2021-04-13T18:17:27","slug":"primaria-superheroi-mediambiental","status":"publish","type":"post","link":"https:\/\/agora.xtec.cat\/ceip-santacreu-anglesola\/general\/primaria-superheroi-mediambiental\/","title":{"rendered":"PRIM\u00c0RIA: SUPERHEROI MEDIAMBIENTAL"},"content":{"rendered":"<p>L&#8217;alumnat de prim\u00e0ria, dins l\u2019\u00e0rea de pl\u00e0stica, hem fet un superheroi mediambiental en relaci\u00f3 el projecte que estem treballant aquest curs <strong>\u201cFEM UN M\u00d3N MILLOR&#8221;<\/strong>.<\/p>\n<p>El reciclatge \u00e9s un dels valors m\u00e9s importants, per aquest motiu \u00e9s important tamb\u00e9 que els alumnes aprenguem a reutilitzar aquelles coses que ens costen molts diners de produir.<\/p>\n<p>Amb aquesta manualitat hem aconseguit donar una segona oportunitat a deixalles que produ\u00efm, d\u2019objectes quotidians reciclats, que haur\u00edem llen\u00e7at a les escombraries.<\/p>\n<p>Tamb\u00e9 hem estimulat la nostra sensibilitzaci\u00f3 envers la protecci\u00f3 del medi ambient. Aquesta reflexi\u00f3 ens ha fet replantejar quins canvis podem fer en la nostra vida di\u00e0ria per reduir la contaminaci\u00f3, que est\u00e0 ofegant la terra i posant en perill la nostra pr\u00f2pia salut.<\/p>\n<p>Com a bons <span style=\"color: #000000;\"><strong>SUPERHEROIS,<\/strong>\u00a0<\/span><strong>busquem solucions a aquest greu problema ambiental!!<\/strong><\/p>\n<p><strong>CLIQUEU A DAMUNT DE LA IMATGE PER VEURE LES FOTOGRAFIES DELS NOSTRES SUPERHEROIS:<\/strong><\/p>\n<p><a href=\"https:\/\/photos.app.goo.gl\/iz5gkCeU6xYF6SZq9\" target=\"_blank\" rel=\"noopener noreferrer\"><img loading=\"lazy\" decoding=\"async\" class=\"aligncenter wp-image-3927\" src=\"https:\/\/agora.xtec.cat\/ceip-santacreu-anglesola\/wp-content\/uploads\/usu483\/2021\/04\/IMG-portada.jpg\" alt=\"\" width=\"314\" height=\"270\" srcset=\"https:\/\/agora.xtec.cat\/ceip-santacreu-anglesola\/wp-content\/uploads\/usu483\/2021\/04\/IMG-portada.jpg 778w, https:\/\/agora.xtec.cat\/ceip-santacreu-anglesola\/wp-content\/uploads\/usu483\/2021\/04\/IMG-portada-300x258.jpg 300w, https:\/\/agora.xtec.cat\/ceip-santacreu-anglesola\/wp-content\/uploads\/usu483\/2021\/04\/IMG-portada-768x661.jpg 768w\" sizes=\"auto, (max-width: 314px) 100vw, 314px\" \/><\/a><\/p>\n","protected":false},"excerpt":{"rendered":"<p>L&#8217;alumnat de prim\u00e0ria, dins l\u2019\u00e0rea de pl\u00e0stica, hem fet un superheroi mediambiental en relaci\u00f3 el projecte que estem treballant aquest curs \u201cFEM UN M\u00d3N MILLOR&#8221;.<br \/>\nEl reciclatge \u00e9s un dels valors m\u00e9s importants, per aquest motiu \u00e9s important tamb\u00e9 que els alumnes aprenguem a reutilitzar aquelles&hellip;  <a href=\"https:\/\/agora.xtec.cat\/ceip-santacreu-anglesola\/general\/primaria-superheroi-mediambiental\/\" title=\"Read PRIM\u00c0RIA: SUPERHEROI MEDIAMBIENTAL\">Llegeix m\u00e9s\u00bb<\/a><\/p>\n","protected":false},"author":16,"featured_media":3927,"comment_status":"open","ping_status":"closed","sticky":false,"template":"","format":"standard","meta":{"_bbp_topic_count":0,"_bbp_reply_count":0,"_bbp_total_topic_count":0,"_bbp_total_reply_count":0,"_bbp_voice_count":0,"_bbp_anonymous_reply_count":0,"_bbp_topic_count_hidden":0,"_bbp_reply_count_hidden":0,"_bbp_forum_subforum_count":0,"footnotes":""},"categories":[1,4,5],"tags":[],"class_list":["post-3918","post","type-post","status-publish","format-standard","has-post-thumbnail","hentry","category-general","category-portada","category-primaria"],"post_mailing_queue_ids":[],"_links":{"self":[{"href":"https:\/\/agora.xtec.cat\/ceip-santacreu-anglesola\/wp-json\/wp\/v2\/posts\/3918","targetHints":{"allow":["GET"]}}],"collection":[{"href":"https:\/\/agora.xtec.cat\/ceip-santacreu-anglesola\/wp-json\/wp\/v2\/posts"}],"about":[{"href":"https:\/\/agora.xtec.cat\/ceip-santacreu-anglesola\/wp-json\/wp\/v2\/types\/post"}],"author":[{"embeddable":true,"href":"https:\/\/agora.xtec.cat\/ceip-santacreu-anglesola\/wp-json\/wp\/v2\/users\/16"}],"replies":[{"embeddable":true,"href":"https:\/\/agora.xtec.cat\/ceip-santacreu-anglesola\/wp-json\/wp\/v2\/comments?post=3918"}],"version-history":[{"count":3,"href":"https:\/\/agora.xtec.cat\/ceip-santacreu-anglesola\/wp-json\/wp\/v2\/posts\/3918\/revisions"}],"predecessor-version":[{"id":3934,"href":"https:\/\/agora.xtec.cat\/ceip-santacreu-anglesola\/wp-json\/wp\/v2\/posts\/3918\/revisions\/3934"}],"wp:featuredmedia":[{"embeddable":true,"href":"https:\/\/agora.xtec.cat\/ceip-santacreu-anglesola\/wp-json\/wp\/v2\/media\/3927"}],"wp:attachment":[{"href":"https:\/\/agora.xtec.cat\/ceip-santacreu-anglesola\/wp-json\/wp\/v2\/media?parent=3918"}],"wp:term":[{"taxonomy":"category","embeddable":true,"href":"https:\/\/agora.xtec.cat\/ceip-santacreu-anglesola\/wp-json\/wp\/v2\/categories?post=3918"},{"taxonomy":"post_tag","embeddable":true,"href":"https:\/\/agora.xtec.cat\/ceip-santacreu-anglesola\/wp-json\/wp\/v2\/tags?post=3918"}],"curies":[{"name":"wp","href":"https:\/\/api.w.org\/{rel}","templated":true}]}}