{"id":3852,"date":"2021-03-28T13:00:59","date_gmt":"2021-03-28T11:00:59","guid":{"rendered":"http:\/\/agora.xtec.cat\/ceip-santacreu-anglesola\/?p=3852"},"modified":"2021-03-28T13:07:42","modified_gmt":"2021-03-28T11:07:42","slug":"primaria-fem-un-mon-millor-stop-mare-mortum","status":"publish","type":"post","link":"https:\/\/agora.xtec.cat\/ceip-santacreu-anglesola\/general\/primaria-fem-un-mon-millor-stop-mare-mortum\/","title":{"rendered":"PRIM\u00c0RIA: FEM UN M\u00d3N MILLOR &#8211; STOP MARE MORTUM"},"content":{"rendered":"<p style=\"text-align: left;\">Acabant el segon trimestre i seguint amb activitats relacionades amb el projecte\u00a0que estem treballant a l&#8217;escola: <span style=\"color: #ff00ff;\"><strong>Fem un m\u00f3n millor!<\/strong><\/span>, vam posar-nos en contacte amb <strong>l&#8217;ONG <em><span style=\"color: #ff0000;\">Stop<\/span> Mare\u00a0Mortum<\/em><\/strong>, una plataforma ciutadana que t\u00e9 per objectiu fomentar un canvi en les pol\u00edtiques europees migrat\u00f2ries i d&#8217;estrangeria per tal d&#8217;aconseguir que es garanteixin i es respectin els drets humans. Aquests, ens van proporcionar una s\u00e8rie de din\u00e0miques per treballar-les amb l&#8217;alumnat de\u00a0<strong>prim\u00e0ria<\/strong>, ja que\u00a0a causa de\u00a0les mesures de seguretat no van poder venir a l&#8217;escola.<\/p>\n<p style=\"text-align: left;\">De <strong><span style=\"color: #333333;\">1r <\/span><\/strong><span style=\"color: #333333;\">a<\/span><strong><span style=\"color: #333333;\"> 3r<\/span><\/strong> va ser a trav\u00e9s del conte<span style=\"color: #3366ff;\"><strong> &#8220;El bloc de dibuix&#8221;<\/strong><\/span> que vam treballar el tema dels refugiats, on <strong>l&#8217;Al\u00ed<\/strong> i la <strong>Nora<\/strong> han de marxar del seu pa\u00eds per trobar refugi en un altre pa\u00eds. A trav\u00e9s del conte ens vam posar a la pell d&#8217;aquests nens i del dur cam\u00ed que els espera&#8230; Per una altra banda, de <strong>4t <\/strong>a<strong> 6\u00e8<\/strong> vam treballar el tema a trav\u00e9s de la paraula &#8220;Kal\u00f3\u00a0Taxid\u00ed&#8221; (benvingut en grec). Partint del\u00a0v\u00eddeo\u00a0<strong><span style=\"color: #3366ff;\">&#8220;El mar del mig&#8221;<\/span> <\/strong>on s&#8217;explica la\u00a0<strong>hist\u00f2ria\u00a0del Mar Mediterrani<\/strong> i tot el que ens uneix amb els\u00a0pa\u00efsos\u00a0que l&#8217;envoltem des de fa segles, vam reflexionar sobre els refugiats, vam pensar que ens emportar\u00edem si\u00a0hagu\u00e9ssim\u00a0de marxar de casa nostra, com es deuen sentir\u00a0en\u00a0veure que el seu futur no \u00e9s com esperaven&#8230;<\/p>\n<p style=\"text-align: left;\">Tant uns grups com els altres vam empatitzar amb una realitat que estem vivint al m\u00f3n i en vam reflexionar tots plegats. Des d&#8217;aquestes\u00a0l\u00ednies\u00a0volem\u00a0agrair\u00a0a<strong> l&#8217;ONG <span style=\"color: #ff0000;\">Stop<\/span> Mare\u00a0Mortum\u00a0<\/strong>per facilitar-nos aquestes din\u00e0miques i ajudar-nos a fer la tasca de sensibilitzaci\u00f3 cap als infants amb material molt ben organitzat.<\/p>\n<p><strong>SI CLIQUEU A DAMUNT DE LA IMATGE PODREU VEURE LES FOTOS!<\/strong><\/p>\n<p><a href=\"https:\/\/photos.app.goo.gl\/TSvSssbNdKjUb1rw5\" target=\"_blank\" rel=\"noopener noreferrer\"><img loading=\"lazy\" decoding=\"async\" class=\"aligncenter wp-image-3862\" src=\"https:\/\/agora.xtec.cat\/ceip-santacreu-anglesola\/wp-content\/uploads\/usu483\/2021\/03\/6-copia-2.jpg\" alt=\"\" width=\"289\" height=\"199\" srcset=\"https:\/\/agora.xtec.cat\/ceip-santacreu-anglesola\/wp-content\/uploads\/usu483\/2021\/03\/6-copia-2.jpg 304w, https:\/\/agora.xtec.cat\/ceip-santacreu-anglesola\/wp-content\/uploads\/usu483\/2021\/03\/6-copia-2-300x206.jpg 300w\" sizes=\"auto, (max-width: 289px) 100vw, 289px\" \/><\/a><\/p>\n","protected":false},"excerpt":{"rendered":"<p>Acabant el segon trimestre i seguint amb activitats relacionades amb el projecte\u00a0que estem treballant a l&#8217;escola: Fem un m\u00f3n millor!, vam posar-nos en contacte amb l&#8217;ONG Stop Mare\u00a0Mortum, una plataforma ciutadana que t\u00e9 per objectiu fomentar un canvi en les pol\u00edtiques europees migrat\u00f2ries i d&#8217;estrangeria&hellip;  <a href=\"https:\/\/agora.xtec.cat\/ceip-santacreu-anglesola\/general\/primaria-fem-un-mon-millor-stop-mare-mortum\/\" title=\"Read PRIM\u00c0RIA: FEM UN M\u00d3N MILLOR &#8211; STOP MARE MORTUM\">Llegeix m\u00e9s\u00bb<\/a><\/p>\n","protected":false},"author":16,"featured_media":3862,"comment_status":"open","ping_status":"closed","sticky":false,"template":"","format":"standard","meta":{"_bbp_topic_count":0,"_bbp_reply_count":0,"_bbp_total_topic_count":0,"_bbp_total_reply_count":0,"_bbp_voice_count":0,"_bbp_anonymous_reply_count":0,"_bbp_topic_count_hidden":0,"_bbp_reply_count_hidden":0,"_bbp_forum_subforum_count":0,"footnotes":""},"categories":[1,4,5],"tags":[],"class_list":["post-3852","post","type-post","status-publish","format-standard","has-post-thumbnail","hentry","category-general","category-portada","category-primaria"],"post_mailing_queue_ids":[],"_links":{"self":[{"href":"https:\/\/agora.xtec.cat\/ceip-santacreu-anglesola\/wp-json\/wp\/v2\/posts\/3852","targetHints":{"allow":["GET"]}}],"collection":[{"href":"https:\/\/agora.xtec.cat\/ceip-santacreu-anglesola\/wp-json\/wp\/v2\/posts"}],"about":[{"href":"https:\/\/agora.xtec.cat\/ceip-santacreu-anglesola\/wp-json\/wp\/v2\/types\/post"}],"author":[{"embeddable":true,"href":"https:\/\/agora.xtec.cat\/ceip-santacreu-anglesola\/wp-json\/wp\/v2\/users\/16"}],"replies":[{"embeddable":true,"href":"https:\/\/agora.xtec.cat\/ceip-santacreu-anglesola\/wp-json\/wp\/v2\/comments?post=3852"}],"version-history":[{"count":3,"href":"https:\/\/agora.xtec.cat\/ceip-santacreu-anglesola\/wp-json\/wp\/v2\/posts\/3852\/revisions"}],"predecessor-version":[{"id":3868,"href":"https:\/\/agora.xtec.cat\/ceip-santacreu-anglesola\/wp-json\/wp\/v2\/posts\/3852\/revisions\/3868"}],"wp:featuredmedia":[{"embeddable":true,"href":"https:\/\/agora.xtec.cat\/ceip-santacreu-anglesola\/wp-json\/wp\/v2\/media\/3862"}],"wp:attachment":[{"href":"https:\/\/agora.xtec.cat\/ceip-santacreu-anglesola\/wp-json\/wp\/v2\/media?parent=3852"}],"wp:term":[{"taxonomy":"category","embeddable":true,"href":"https:\/\/agora.xtec.cat\/ceip-santacreu-anglesola\/wp-json\/wp\/v2\/categories?post=3852"},{"taxonomy":"post_tag","embeddable":true,"href":"https:\/\/agora.xtec.cat\/ceip-santacreu-anglesola\/wp-json\/wp\/v2\/tags?post=3852"}],"curies":[{"name":"wp","href":"https:\/\/api.w.org\/{rel}","templated":true}]}}