{"id":3838,"date":"2021-03-25T17:02:06","date_gmt":"2021-03-25T16:02:06","guid":{"rendered":"http:\/\/agora.xtec.cat\/ceip-santacreu-anglesola\/?p=3838"},"modified":"2021-03-25T22:31:59","modified_gmt":"2021-03-25T21:31:59","slug":"escola-de-petits-teatre-a-lescola","status":"publish","type":"post","link":"https:\/\/agora.xtec.cat\/ceip-santacreu-anglesola\/general\/escola-de-petits-teatre-a-lescola\/","title":{"rendered":"ESCOLA DE PETITS: TEATRE A L&#8217;ESCOLA"},"content":{"rendered":"<p>Avui els alumnes d&#8217;Educaci\u00f3 Infantil hem gaudit d&#8217;una sessi\u00f3 de teatre a l&#8217;escola.<\/p>\n<p>Ens ha visita <span style=\"color: #ff00ff;\"><strong>LA BARRETUDA\u00a0<\/strong><\/span> de la Companyia\u00a0 Patawa.<\/p>\n<p>Ens ha explicat hist\u00f2ries fant\u00e0stiques sobre pirates, ens ha cantat can\u00e7ons acompanyada d&#8217;un <span style=\"color: #339966;\">ACORDI\u00d3<\/span>\u00a0ha estat una tarda genial!<\/p>\n<p>MOLTES GR\u00c0CIES AMPA PER FER-HO POSSIBLE!<\/p>\n<p><a href=\"http:\/\/agora.xtec.cat\/ceip-santacreu-anglesola\/infantil\/escola-de-petits-teatre-amb-la-barretuda\/\"><img loading=\"lazy\" decoding=\"async\" class=\"alignnone wp-image-3836\" src=\"https:\/\/agora.xtec.cat\/ceip-santacreu-anglesola\/wp-content\/uploads\/usu483\/2021\/03\/WhatsApp-Image-2021-03-25-at-16.07.24-2.jpeg\" alt=\"\" width=\"450\" height=\"253\" srcset=\"https:\/\/agora.xtec.cat\/ceip-santacreu-anglesola\/wp-content\/uploads\/usu483\/2021\/03\/WhatsApp-Image-2021-03-25-at-16.07.24-2.jpeg 1024w, https:\/\/agora.xtec.cat\/ceip-santacreu-anglesola\/wp-content\/uploads\/usu483\/2021\/03\/WhatsApp-Image-2021-03-25-at-16.07.24-2-300x169.jpeg 300w, https:\/\/agora.xtec.cat\/ceip-santacreu-anglesola\/wp-content\/uploads\/usu483\/2021\/03\/WhatsApp-Image-2021-03-25-at-16.07.24-2-768x432.jpeg 768w\" sizes=\"auto, (max-width: 450px) 100vw, 450px\" \/><\/a><\/p>\n","protected":false},"excerpt":{"rendered":"<p>Avui els alumnes d&#8217;Educaci\u00f3 Infantil hem gaudit d&#8217;una sessi\u00f3 de teatre a l&#8217;escola.<br \/>\nEns ha visita LA BARRETUDA\u00a0 de la Companyia\u00a0 Patawa.<br \/>\nEns ha explicat hist\u00f2ries fant\u00e0stiques sobre pirates, ens ha cantat can\u00e7ons acompanyada d&#8217;un ACORDI\u00d3\u00a0ha estat una tarda genial!<br \/>\nMOLTES GR\u00c0CIES AMPA PER FER-HO POSSIBLE!<br \/>\n<a href=\"http:\/\/agora.xtec.cat\/ceip-santacreu-anglesola\/infantil\/escola-de-petits-teatre-amb-la-barretuda\/\"><\/a><\/p>\n","protected":false},"author":4,"featured_media":3836,"comment_status":"open","ping_status":"closed","sticky":false,"template":"","format":"standard","meta":{"_bbp_topic_count":0,"_bbp_reply_count":0,"_bbp_total_topic_count":0,"_bbp_total_reply_count":0,"_bbp_voice_count":0,"_bbp_anonymous_reply_count":0,"_bbp_topic_count_hidden":0,"_bbp_reply_count_hidden":0,"_bbp_forum_subforum_count":0,"footnotes":""},"categories":[1,4],"tags":[],"class_list":["post-3838","post","type-post","status-publish","format-standard","has-post-thumbnail","hentry","category-general","category-portada"],"post_mailing_queue_ids":[],"_links":{"self":[{"href":"https:\/\/agora.xtec.cat\/ceip-santacreu-anglesola\/wp-json\/wp\/v2\/posts\/3838","targetHints":{"allow":["GET"]}}],"collection":[{"href":"https:\/\/agora.xtec.cat\/ceip-santacreu-anglesola\/wp-json\/wp\/v2\/posts"}],"about":[{"href":"https:\/\/agora.xtec.cat\/ceip-santacreu-anglesola\/wp-json\/wp\/v2\/types\/post"}],"author":[{"embeddable":true,"href":"https:\/\/agora.xtec.cat\/ceip-santacreu-anglesola\/wp-json\/wp\/v2\/users\/4"}],"replies":[{"embeddable":true,"href":"https:\/\/agora.xtec.cat\/ceip-santacreu-anglesola\/wp-json\/wp\/v2\/comments?post=3838"}],"version-history":[{"count":3,"href":"https:\/\/agora.xtec.cat\/ceip-santacreu-anglesola\/wp-json\/wp\/v2\/posts\/3838\/revisions"}],"predecessor-version":[{"id":3850,"href":"https:\/\/agora.xtec.cat\/ceip-santacreu-anglesola\/wp-json\/wp\/v2\/posts\/3838\/revisions\/3850"}],"wp:featuredmedia":[{"embeddable":true,"href":"https:\/\/agora.xtec.cat\/ceip-santacreu-anglesola\/wp-json\/wp\/v2\/media\/3836"}],"wp:attachment":[{"href":"https:\/\/agora.xtec.cat\/ceip-santacreu-anglesola\/wp-json\/wp\/v2\/media?parent=3838"}],"wp:term":[{"taxonomy":"category","embeddable":true,"href":"https:\/\/agora.xtec.cat\/ceip-santacreu-anglesola\/wp-json\/wp\/v2\/categories?post=3838"},{"taxonomy":"post_tag","embeddable":true,"href":"https:\/\/agora.xtec.cat\/ceip-santacreu-anglesola\/wp-json\/wp\/v2\/tags?post=3838"}],"curies":[{"name":"wp","href":"https:\/\/api.w.org\/{rel}","templated":true}]}}