{"id":3806,"date":"2021-03-19T13:53:55","date_gmt":"2021-03-19T12:53:55","guid":{"rendered":"http:\/\/agora.xtec.cat\/ceip-santacreu-anglesola\/?p=3806"},"modified":"2021-04-26T19:58:59","modified_gmt":"2021-04-26T17:58:59","slug":"sobre-la-no-sobreproteccio-i-sobre-les-pantalles","status":"publish","type":"post","link":"https:\/\/agora.xtec.cat\/ceip-santacreu-anglesola\/portada\/sobre-la-no-sobreproteccio-i-sobre-les-pantalles\/","title":{"rendered":"Sobre la No sobre protecci\u00f3 i sobre les pantalles"},"content":{"rendered":"<p>Aquest mes us compartim dos articles.<\/p>\n<p>En el primer, dos psic\u00f2legs especialistes en addiccions a les pantalles, donen consells sobre el seu \u00fas en infants i adults i ens expliquen els perills d&#8217;abusar-ne:<\/p>\n<p><a href=\"https:\/\/www.elnacional.cat\/ca\/societat\/addiccio-pantalles-mobils-noves-tecnologies_574854_102.html\">https:\/\/www.elnacional.cat\/ca\/societat\/addiccio-pantalles-mobils-noves-tecnologies_574854_102.html<\/a><\/p>\n<p>El segon \u00e9s una entrevista a la Cristina Guti\u00e9rrez Lest\u00f3n, experta en educaci\u00f3 emocional i directora de la Granja de Santa Maria de Palautordera, casa de col\u00f2nies on anem cada curs a fer\u00a0 les col\u00f2nies d&#8217;angl\u00e8s. L&#8217;entrevista es centra en no educar des de la por per a fer infants valents i no sobre protegits:<\/p>\n<p>https:\/\/educarestodo.com\/cristina-gutierrez-leston-miedo\/<\/p>\n","protected":false},"excerpt":{"rendered":"<p>Aquest mes us compartim dos articles.<br \/>\nEn el primer, dos psic\u00f2legs especialistes en addiccions a les pantalles, donen consells sobre el seu \u00fas en infants i adults i ens expliquen els perills d&#8217;abusar-ne:<br \/>\n<a href=\"https:\/\/www.elnacional.cat\/ca\/societat\/addiccio-pantalles-mobils-noves-tecnologies_574854_102.html\">https:\/\/www.elnacional.cat\/ca\/societat\/addiccio-pantalles-mobils-noves-tecnologies_574854_102.html<\/a><br \/>\nEl segon \u00e9s una entrevista a la Cristina Guti\u00e9rrez Lest\u00f3n, experta en educaci\u00f3&hellip;  <a href=\"https:\/\/agora.xtec.cat\/ceip-santacreu-anglesola\/portada\/sobre-la-no-sobreproteccio-i-sobre-les-pantalles\/\" title=\"Read Sobre la No sobre protecci\u00f3 i sobre les pantalles\">Llegeix m\u00e9s\u00bb<\/a><\/p>\n","protected":false},"author":3,"featured_media":0,"comment_status":"open","ping_status":"closed","sticky":false,"template":"","format":"standard","meta":{"_bbp_topic_count":0,"_bbp_reply_count":0,"_bbp_total_topic_count":0,"_bbp_total_reply_count":0,"_bbp_voice_count":0,"_bbp_anonymous_reply_count":0,"_bbp_topic_count_hidden":0,"_bbp_reply_count_hidden":0,"_bbp_forum_subforum_count":0,"footnotes":""},"categories":[54,4],"tags":[],"class_list":["post-3806","post","type-post","status-publish","format-standard","hentry","category-articles","category-portada"],"post_mailing_queue_ids":[],"_links":{"self":[{"href":"https:\/\/agora.xtec.cat\/ceip-santacreu-anglesola\/wp-json\/wp\/v2\/posts\/3806","targetHints":{"allow":["GET"]}}],"collection":[{"href":"https:\/\/agora.xtec.cat\/ceip-santacreu-anglesola\/wp-json\/wp\/v2\/posts"}],"about":[{"href":"https:\/\/agora.xtec.cat\/ceip-santacreu-anglesola\/wp-json\/wp\/v2\/types\/post"}],"author":[{"embeddable":true,"href":"https:\/\/agora.xtec.cat\/ceip-santacreu-anglesola\/wp-json\/wp\/v2\/users\/3"}],"replies":[{"embeddable":true,"href":"https:\/\/agora.xtec.cat\/ceip-santacreu-anglesola\/wp-json\/wp\/v2\/comments?post=3806"}],"version-history":[{"count":3,"href":"https:\/\/agora.xtec.cat\/ceip-santacreu-anglesola\/wp-json\/wp\/v2\/posts\/3806\/revisions"}],"predecessor-version":[{"id":3809,"href":"https:\/\/agora.xtec.cat\/ceip-santacreu-anglesola\/wp-json\/wp\/v2\/posts\/3806\/revisions\/3809"}],"wp:attachment":[{"href":"https:\/\/agora.xtec.cat\/ceip-santacreu-anglesola\/wp-json\/wp\/v2\/media?parent=3806"}],"wp:term":[{"taxonomy":"category","embeddable":true,"href":"https:\/\/agora.xtec.cat\/ceip-santacreu-anglesola\/wp-json\/wp\/v2\/categories?post=3806"},{"taxonomy":"post_tag","embeddable":true,"href":"https:\/\/agora.xtec.cat\/ceip-santacreu-anglesola\/wp-json\/wp\/v2\/tags?post=3806"}],"curies":[{"name":"wp","href":"https:\/\/api.w.org\/{rel}","templated":true}]}}