{"id":3790,"date":"2021-03-18T16:15:14","date_gmt":"2021-03-18T15:15:14","guid":{"rendered":"http:\/\/agora.xtec.cat\/ceip-santacreu-anglesola\/?p=3790"},"modified":"2021-03-25T19:29:31","modified_gmt":"2021-03-25T18:29:31","slug":"jubilacio-de-la-rosa-balaguero","status":"publish","type":"post","link":"https:\/\/agora.xtec.cat\/ceip-santacreu-anglesola\/portada\/jubilacio-de-la-rosa-balaguero\/","title":{"rendered":"JUBILACI\u00d3 DE LA ROSA BALAGUER\u00d3"},"content":{"rendered":"<p>El passat dimarts 2 de mar\u00e7 vam acomiadar la mestra Rosa Balaguer\u00f3 que despr\u00e9s d\u2019estar 22 cursos a la nostra escola li va arribar l\u2019hora de la jubilaci\u00f3.<\/p>\n<p>La Rosa ha estat sempre una mestra pacient, carinyosa i dedicada. Tot l\u2019alumnat que l\u2019ha tingut al llarg dels anys li t\u00e9 molta estima. Per aix\u00f2 i malgrat la pand\u00e8mia, vam voler\u00a0 acomiadar-la com fem a l\u2019escola. Cada grup classe li va preparar un treball (dibuixos, un conte, un lapbook, una auca, un v\u00eddeo, etc)\u00a0 i ella va passar a recollir-ho i a acomiadar-se de tots i totes. Tamb\u00e9 els va regalar un punt de llibre a cadascun dels infants perqu\u00e8 sap com fomentem la lectura des de l\u2019escola.<\/p>\n<p>Des d\u2019aqu\u00ed et volem agrair la feina feta, amb vocaci\u00f3 i estimaci\u00f3 pels alumnes, buscant estrat\u00e8gies per despertar en ells el gust per aprendre i acompanyant-los en el seu cam\u00ed per ser millors persones.<\/p>\n<p>T\u2019enyorarem Rosa, per\u00f2 sabem que sabr\u00e0s celebrar amb joia el teu jubileu.<\/p>\n<p>Per molts anys!<\/p>\n<p><a href=\"https:\/\/agora.xtec.cat\/ceip-santacreu-anglesola\/?p=3792&amp;preview=true\"><img loading=\"lazy\" decoding=\"async\" class=\"alignnone wp-image-3794\" src=\"https:\/\/agora.xtec.cat\/ceip-santacreu-anglesola\/wp-content\/uploads\/usu483\/2021\/03\/Rosa.jpg\" alt=\"\" width=\"300\" height=\"318\" srcset=\"https:\/\/agora.xtec.cat\/ceip-santacreu-anglesola\/wp-content\/uploads\/usu483\/2021\/03\/Rosa.jpg 1242w, https:\/\/agora.xtec.cat\/ceip-santacreu-anglesola\/wp-content\/uploads\/usu483\/2021\/03\/Rosa-283x300.jpg 283w, https:\/\/agora.xtec.cat\/ceip-santacreu-anglesola\/wp-content\/uploads\/usu483\/2021\/03\/Rosa-768x814.jpg 768w, https:\/\/agora.xtec.cat\/ceip-santacreu-anglesola\/wp-content\/uploads\/usu483\/2021\/03\/Rosa-966x1024.jpg 966w\" sizes=\"auto, (max-width: 300px) 100vw, 300px\" \/><\/a><\/p>\n","protected":false},"excerpt":{"rendered":"<p>El passat dimarts 2 de mar\u00e7 vam acomiadar la mestra Rosa Balaguer\u00f3 que despr\u00e9s d\u2019estar 22 cursos a la nostra escola li va arribar l\u2019hora de la jubilaci\u00f3.<br \/>\nLa Rosa ha estat sempre una mestra pacient, carinyosa i dedicada. Tot l\u2019alumnat que l\u2019ha tingut al llarg&hellip;  <a href=\"https:\/\/agora.xtec.cat\/ceip-santacreu-anglesola\/portada\/jubilacio-de-la-rosa-balaguero\/\" title=\"Read JUBILACI\u00d3 DE LA ROSA BALAGUER\u00d3\">Llegeix m\u00e9s\u00bb<\/a><\/p>\n","protected":false},"author":4,"featured_media":0,"comment_status":"open","ping_status":"closed","sticky":false,"template":"","format":"standard","meta":{"_bbp_topic_count":0,"_bbp_reply_count":0,"_bbp_total_topic_count":0,"_bbp_total_reply_count":0,"_bbp_voice_count":0,"_bbp_anonymous_reply_count":0,"_bbp_topic_count_hidden":0,"_bbp_reply_count_hidden":0,"_bbp_forum_subforum_count":0,"footnotes":""},"categories":[4],"tags":[],"class_list":["post-3790","post","type-post","status-publish","format-standard","hentry","category-portada"],"post_mailing_queue_ids":[],"_links":{"self":[{"href":"https:\/\/agora.xtec.cat\/ceip-santacreu-anglesola\/wp-json\/wp\/v2\/posts\/3790","targetHints":{"allow":["GET"]}}],"collection":[{"href":"https:\/\/agora.xtec.cat\/ceip-santacreu-anglesola\/wp-json\/wp\/v2\/posts"}],"about":[{"href":"https:\/\/agora.xtec.cat\/ceip-santacreu-anglesola\/wp-json\/wp\/v2\/types\/post"}],"author":[{"embeddable":true,"href":"https:\/\/agora.xtec.cat\/ceip-santacreu-anglesola\/wp-json\/wp\/v2\/users\/4"}],"replies":[{"embeddable":true,"href":"https:\/\/agora.xtec.cat\/ceip-santacreu-anglesola\/wp-json\/wp\/v2\/comments?post=3790"}],"version-history":[{"count":2,"href":"https:\/\/agora.xtec.cat\/ceip-santacreu-anglesola\/wp-json\/wp\/v2\/posts\/3790\/revisions"}],"predecessor-version":[{"id":3795,"href":"https:\/\/agora.xtec.cat\/ceip-santacreu-anglesola\/wp-json\/wp\/v2\/posts\/3790\/revisions\/3795"}],"wp:attachment":[{"href":"https:\/\/agora.xtec.cat\/ceip-santacreu-anglesola\/wp-json\/wp\/v2\/media?parent=3790"}],"wp:term":[{"taxonomy":"category","embeddable":true,"href":"https:\/\/agora.xtec.cat\/ceip-santacreu-anglesola\/wp-json\/wp\/v2\/categories?post=3790"},{"taxonomy":"post_tag","embeddable":true,"href":"https:\/\/agora.xtec.cat\/ceip-santacreu-anglesola\/wp-json\/wp\/v2\/tags?post=3790"}],"curies":[{"name":"wp","href":"https:\/\/api.w.org\/{rel}","templated":true}]}}