{"id":3785,"date":"2021-03-19T13:15:11","date_gmt":"2021-03-19T12:15:11","guid":{"rendered":"http:\/\/agora.xtec.cat\/ceip-santacreu-anglesola\/?p=3785"},"modified":"2021-03-19T15:15:29","modified_gmt":"2021-03-19T14:15:29","slug":"cicle-inicial-la-nalia-ens-ensenya-com-ensinistrar-gossos","status":"publish","type":"post","link":"https:\/\/agora.xtec.cat\/ceip-santacreu-anglesola\/general\/cicle-inicial-la-nalia-ens-ensenya-com-ensinistrar-gossos\/","title":{"rendered":"CICLE INICIAL: LA N\u00c0LIA ENS ENSENYA COM ENSINISTRAR GOSSOS"},"content":{"rendered":"<p>El dimarts, dia 16 de mar\u00e7, ens va venir a visitar la Nalia, la mare del Jaume Mart\u00ed.<\/p>\n<p>La N\u00e0lia ens va ensenyar com ensinistrar gossos.<\/p>\n<p>Va portar la Lluna, la seva gossa, que est\u00e0 entrenada.<\/p>\n<p>Primer, va fer un circuit amb rodes, c\u00e8rcols, un t\u00fanel de roba i un ziga-zaga fet amb uns quants nens i nenes de 1r i 2n. Despr\u00e9s, li va fer buscar una joguina que havien amagat alguns alumnes.<\/p>\n<p>Per acabar, ens va informar de que els gossos poden portar un lla\u00e7 de diferent color al collar, que t\u00e9 diferents significats. Per exemple el lla\u00e7 de color blau \u00e9s per saber que est\u00e0 entrenant, el lla\u00e7 de color vermell \u00e9s per saber que no ens hi podem atansar perqu\u00e8 \u00e9s perill\u00f3s&#8230;.<\/p>\n<p>Vam passar una tarda molt divertida i ens ho vam passar molt b\u00e9 amb la Lluna!!!<\/p>\n<p>Moltes gr\u00e0cies N\u00e0lia per la teva col.laboraci\u00f3!!!<\/p>\n<p><a href=\"https:\/\/agora.xtec.cat\/ceip-santacreu-anglesola\/?p=3797&amp;preview=true\"><img loading=\"lazy\" decoding=\"async\" class=\"aligncenter wp-image-3800 size-medium\" src=\"https:\/\/agora.xtec.cat\/ceip-santacreu-anglesola\/wp-content\/uploads\/usu483\/2021\/03\/IMG_9869-300x200.jpg\" alt=\"\" width=\"300\" height=\"200\" srcset=\"https:\/\/agora.xtec.cat\/ceip-santacreu-anglesola\/wp-content\/uploads\/usu483\/2021\/03\/IMG_9869-300x200.jpg 300w, https:\/\/agora.xtec.cat\/ceip-santacreu-anglesola\/wp-content\/uploads\/usu483\/2021\/03\/IMG_9869-768x512.jpg 768w, https:\/\/agora.xtec.cat\/ceip-santacreu-anglesola\/wp-content\/uploads\/usu483\/2021\/03\/IMG_9869-1024x683.jpg 1024w\" sizes=\"auto, (max-width: 300px) 100vw, 300px\" \/><\/a><\/p>\n<p>&nbsp;<\/p>\n","protected":false},"excerpt":{"rendered":"<p>El dimarts, dia 16 de mar\u00e7, ens va venir a visitar la Nalia, la mare del Jaume Mart\u00ed.<br \/>\nLa N\u00e0lia ens va ensenyar com ensinistrar gossos.<br \/>\nVa portar la Lluna, la seva gossa, que est\u00e0 entrenada.<br \/>\nPrimer, va fer un circuit amb rodes, c\u00e8rcols, un t\u00fanel de roba&hellip;  <a href=\"https:\/\/agora.xtec.cat\/ceip-santacreu-anglesola\/general\/cicle-inicial-la-nalia-ens-ensenya-com-ensinistrar-gossos\/\" title=\"Read CICLE INICIAL: LA N\u00c0LIA ENS ENSENYA COM ENSINISTRAR GOSSOS\">Llegeix m\u00e9s\u00bb<\/a><\/p>\n","protected":false},"author":16,"featured_media":3800,"comment_status":"open","ping_status":"closed","sticky":false,"template":"","format":"standard","meta":{"_bbp_topic_count":0,"_bbp_reply_count":0,"_bbp_total_topic_count":0,"_bbp_total_reply_count":0,"_bbp_voice_count":0,"_bbp_anonymous_reply_count":0,"_bbp_topic_count_hidden":0,"_bbp_reply_count_hidden":0,"_bbp_forum_subforum_count":0,"footnotes":""},"categories":[1,4],"tags":[],"class_list":["post-3785","post","type-post","status-publish","format-standard","has-post-thumbnail","hentry","category-general","category-portada"],"post_mailing_queue_ids":[],"_links":{"self":[{"href":"https:\/\/agora.xtec.cat\/ceip-santacreu-anglesola\/wp-json\/wp\/v2\/posts\/3785","targetHints":{"allow":["GET"]}}],"collection":[{"href":"https:\/\/agora.xtec.cat\/ceip-santacreu-anglesola\/wp-json\/wp\/v2\/posts"}],"about":[{"href":"https:\/\/agora.xtec.cat\/ceip-santacreu-anglesola\/wp-json\/wp\/v2\/types\/post"}],"author":[{"embeddable":true,"href":"https:\/\/agora.xtec.cat\/ceip-santacreu-anglesola\/wp-json\/wp\/v2\/users\/16"}],"replies":[{"embeddable":true,"href":"https:\/\/agora.xtec.cat\/ceip-santacreu-anglesola\/wp-json\/wp\/v2\/comments?post=3785"}],"version-history":[{"count":3,"href":"https:\/\/agora.xtec.cat\/ceip-santacreu-anglesola\/wp-json\/wp\/v2\/posts\/3785\/revisions"}],"predecessor-version":[{"id":3810,"href":"https:\/\/agora.xtec.cat\/ceip-santacreu-anglesola\/wp-json\/wp\/v2\/posts\/3785\/revisions\/3810"}],"wp:featuredmedia":[{"embeddable":true,"href":"https:\/\/agora.xtec.cat\/ceip-santacreu-anglesola\/wp-json\/wp\/v2\/media\/3800"}],"wp:attachment":[{"href":"https:\/\/agora.xtec.cat\/ceip-santacreu-anglesola\/wp-json\/wp\/v2\/media?parent=3785"}],"wp:term":[{"taxonomy":"category","embeddable":true,"href":"https:\/\/agora.xtec.cat\/ceip-santacreu-anglesola\/wp-json\/wp\/v2\/categories?post=3785"},{"taxonomy":"post_tag","embeddable":true,"href":"https:\/\/agora.xtec.cat\/ceip-santacreu-anglesola\/wp-json\/wp\/v2\/tags?post=3785"}],"curies":[{"name":"wp","href":"https:\/\/api.w.org\/{rel}","templated":true}]}}