{"id":3776,"date":"2021-03-16T14:38:54","date_gmt":"2021-03-16T13:38:54","guid":{"rendered":"http:\/\/agora.xtec.cat\/ceip-santacreu-anglesola\/?p=3776"},"modified":"2021-03-16T14:39:06","modified_gmt":"2021-03-16T13:39:06","slug":"escape-room-a-primaria-2","status":"publish","type":"post","link":"https:\/\/agora.xtec.cat\/ceip-santacreu-anglesola\/portada\/escape-room-a-primaria-2\/","title":{"rendered":"ESCAPE ROOM A PRIM\u00c0RIA"},"content":{"rendered":"<p>El divendres,12 de mar\u00e7, els alumnes de prim\u00e0ria vam viure una experi\u00e8ncia ESCAPE ROOM a l\u2019escola.<\/p>\n<p>Aquesta activitat la vam poder realitzar gr\u00e0cies a l\u2019AMPA de l&#8217;Escola Santa Creu.<\/p>\n<p>El fil conductor girava al voltant del Projecte que estem treballant aquest curs <strong>\u201cFem un m\u00f3n millor\u201d<\/strong>.<\/p>\n<p>Les diverses activitats estaven relacionades amb el medi ambient per conscienciar de la import\u00e0ncia del reciclatge i van permetre als alumnes fer de superherois per salvar el m\u00f3n.<\/p>\n<p>Als alumnes els hi va encantar l&#8217;Escape Room, van treballar i pensar en grup. Va ser molt motivador i s\u2019ho van passar molt b\u00e9!<\/p>\n<p><a href=\"https:\/\/agora.xtec.cat\/ceip-santacreu-anglesola\/?p=3766&amp;preview=true\"><img loading=\"lazy\" decoding=\"async\" class=\"alignnone wp-image-3769 size-medium\" src=\"https:\/\/agora.xtec.cat\/ceip-santacreu-anglesola\/wp-content\/uploads\/usu483\/2021\/03\/IMATGE-ESCAPE-ROOM_Easy-Resize.com_-1-300x300.jpg\" alt=\"\" width=\"300\" height=\"300\" srcset=\"https:\/\/agora.xtec.cat\/ceip-santacreu-anglesola\/wp-content\/uploads\/usu483\/2021\/03\/IMATGE-ESCAPE-ROOM_Easy-Resize.com_-1-300x300.jpg 300w, https:\/\/agora.xtec.cat\/ceip-santacreu-anglesola\/wp-content\/uploads\/usu483\/2021\/03\/IMATGE-ESCAPE-ROOM_Easy-Resize.com_-1-150x150.jpg 150w, https:\/\/agora.xtec.cat\/ceip-santacreu-anglesola\/wp-content\/uploads\/usu483\/2021\/03\/IMATGE-ESCAPE-ROOM_Easy-Resize.com_-1-768x768.jpg 768w, https:\/\/agora.xtec.cat\/ceip-santacreu-anglesola\/wp-content\/uploads\/usu483\/2021\/03\/IMATGE-ESCAPE-ROOM_Easy-Resize.com_-1.jpg 1024w\" sizes=\"auto, (max-width: 300px) 100vw, 300px\" \/><\/a><\/p>\n","protected":false},"excerpt":{"rendered":"<p>El divendres,12 de mar\u00e7, els alumnes de prim\u00e0ria vam viure una experi\u00e8ncia ESCAPE ROOM a l\u2019escola.<br \/>\nAquesta activitat la vam poder realitzar gr\u00e0cies a l\u2019AMPA de l&#8217;Escola Santa Creu.<br \/>\nEl fil conductor girava al voltant del Projecte que estem treballant aquest curs \u201cFem un m\u00f3n millor\u201d.<br \/>\nLes diverses&hellip;  <a href=\"https:\/\/agora.xtec.cat\/ceip-santacreu-anglesola\/portada\/escape-room-a-primaria-2\/\" title=\"Read ESCAPE ROOM A PRIM\u00c0RIA\">Llegeix m\u00e9s\u00bb<\/a><\/p>\n","protected":false},"author":1,"featured_media":3769,"comment_status":"open","ping_status":"closed","sticky":false,"template":"","format":"standard","meta":{"_bbp_topic_count":0,"_bbp_reply_count":0,"_bbp_total_topic_count":0,"_bbp_total_reply_count":0,"_bbp_voice_count":0,"_bbp_anonymous_reply_count":0,"_bbp_topic_count_hidden":0,"_bbp_reply_count_hidden":0,"_bbp_forum_subforum_count":0,"footnotes":""},"categories":[4,5],"tags":[],"class_list":["post-3776","post","type-post","status-publish","format-standard","has-post-thumbnail","hentry","category-portada","category-primaria"],"post_mailing_queue_ids":[],"_links":{"self":[{"href":"https:\/\/agora.xtec.cat\/ceip-santacreu-anglesola\/wp-json\/wp\/v2\/posts\/3776","targetHints":{"allow":["GET"]}}],"collection":[{"href":"https:\/\/agora.xtec.cat\/ceip-santacreu-anglesola\/wp-json\/wp\/v2\/posts"}],"about":[{"href":"https:\/\/agora.xtec.cat\/ceip-santacreu-anglesola\/wp-json\/wp\/v2\/types\/post"}],"author":[{"embeddable":true,"href":"https:\/\/agora.xtec.cat\/ceip-santacreu-anglesola\/wp-json\/wp\/v2\/users\/1"}],"replies":[{"embeddable":true,"href":"https:\/\/agora.xtec.cat\/ceip-santacreu-anglesola\/wp-json\/wp\/v2\/comments?post=3776"}],"version-history":[{"count":3,"href":"https:\/\/agora.xtec.cat\/ceip-santacreu-anglesola\/wp-json\/wp\/v2\/posts\/3776\/revisions"}],"predecessor-version":[{"id":3780,"href":"https:\/\/agora.xtec.cat\/ceip-santacreu-anglesola\/wp-json\/wp\/v2\/posts\/3776\/revisions\/3780"}],"wp:featuredmedia":[{"embeddable":true,"href":"https:\/\/agora.xtec.cat\/ceip-santacreu-anglesola\/wp-json\/wp\/v2\/media\/3769"}],"wp:attachment":[{"href":"https:\/\/agora.xtec.cat\/ceip-santacreu-anglesola\/wp-json\/wp\/v2\/media?parent=3776"}],"wp:term":[{"taxonomy":"category","embeddable":true,"href":"https:\/\/agora.xtec.cat\/ceip-santacreu-anglesola\/wp-json\/wp\/v2\/categories?post=3776"},{"taxonomy":"post_tag","embeddable":true,"href":"https:\/\/agora.xtec.cat\/ceip-santacreu-anglesola\/wp-json\/wp\/v2\/tags?post=3776"}],"curies":[{"name":"wp","href":"https:\/\/api.w.org\/{rel}","templated":true}]}}