{"id":3748,"date":"2021-03-08T09:53:53","date_gmt":"2021-03-08T08:53:53","guid":{"rendered":"http:\/\/agora.xtec.cat\/ceip-santacreu-anglesola\/?p=3748"},"modified":"2021-03-08T18:27:32","modified_gmt":"2021-03-08T17:27:32","slug":"exposicions-orals-de-musica","status":"publish","type":"post","link":"https:\/\/agora.xtec.cat\/ceip-santacreu-anglesola\/portada\/exposicions-orals-de-musica\/","title":{"rendered":"Exposicions orals de m\u00fasica"},"content":{"rendered":"<p>Durant aquest 2<sup>n<\/sup> trimestre dins l\u2019\u00e0rea de m\u00fasica, els nens i nenes de 5<sup>\u00e8<\/sup> han fet una exposici\u00f3 oral sobre compositors de la\u00a0 m\u00fasica cl\u00e0ssica. Han fet unes bones exposicions, han explicat la vida i obra del compositor, han compartit la seva pe\u00e7a musical preferida, han fet participar als companys i companyes en activitats mentre escolt\u00e0vem m\u00fasica i han gaudit de la m\u00fasica tot aprenent.<\/p>\n<p>Cliqueu a la imatge per continuar llegint.<\/p>\n<p><a href=\"http:\/\/agora.xtec.cat\/ceip-santacreu-anglesola\/primaria\/exposicions-orals-de-musica-a-5e\/\"><img loading=\"lazy\" decoding=\"async\" class=\"alignnone\" src=\"https:\/\/promocionmusical.es\/wp-content\/uploads\/2015\/07\/musica.jpg\" alt=\"\" width=\"300\" height=\"200\" \/><\/a><\/p>\n","protected":false},"excerpt":{"rendered":"<p>Durant aquest 2n trimestre dins l\u2019\u00e0rea de m\u00fasica, els nens i nenes de 5\u00e8 han fet una exposici\u00f3 oral sobre compositors de la\u00a0 m\u00fasica cl\u00e0ssica. Han fet unes bones exposicions, han explicat la vida i obra del compositor, han compartit la seva pe\u00e7a musical preferida,&hellip;  <a href=\"https:\/\/agora.xtec.cat\/ceip-santacreu-anglesola\/portada\/exposicions-orals-de-musica\/\" title=\"Read Exposicions orals de m\u00fasica\">Llegeix m\u00e9s\u00bb<\/a><\/p>\n","protected":false},"author":3,"featured_media":0,"comment_status":"open","ping_status":"closed","sticky":false,"template":"","format":"standard","meta":{"_bbp_topic_count":0,"_bbp_reply_count":0,"_bbp_total_topic_count":0,"_bbp_total_reply_count":0,"_bbp_voice_count":0,"_bbp_anonymous_reply_count":0,"_bbp_topic_count_hidden":0,"_bbp_reply_count_hidden":0,"_bbp_forum_subforum_count":0,"footnotes":""},"categories":[4],"tags":[],"class_list":["post-3748","post","type-post","status-publish","format-standard","hentry","category-portada"],"post_mailing_queue_ids":[],"_links":{"self":[{"href":"https:\/\/agora.xtec.cat\/ceip-santacreu-anglesola\/wp-json\/wp\/v2\/posts\/3748","targetHints":{"allow":["GET"]}}],"collection":[{"href":"https:\/\/agora.xtec.cat\/ceip-santacreu-anglesola\/wp-json\/wp\/v2\/posts"}],"about":[{"href":"https:\/\/agora.xtec.cat\/ceip-santacreu-anglesola\/wp-json\/wp\/v2\/types\/post"}],"author":[{"embeddable":true,"href":"https:\/\/agora.xtec.cat\/ceip-santacreu-anglesola\/wp-json\/wp\/v2\/users\/3"}],"replies":[{"embeddable":true,"href":"https:\/\/agora.xtec.cat\/ceip-santacreu-anglesola\/wp-json\/wp\/v2\/comments?post=3748"}],"version-history":[{"count":3,"href":"https:\/\/agora.xtec.cat\/ceip-santacreu-anglesola\/wp-json\/wp\/v2\/posts\/3748\/revisions"}],"predecessor-version":[{"id":3753,"href":"https:\/\/agora.xtec.cat\/ceip-santacreu-anglesola\/wp-json\/wp\/v2\/posts\/3748\/revisions\/3753"}],"wp:attachment":[{"href":"https:\/\/agora.xtec.cat\/ceip-santacreu-anglesola\/wp-json\/wp\/v2\/media?parent=3748"}],"wp:term":[{"taxonomy":"category","embeddable":true,"href":"https:\/\/agora.xtec.cat\/ceip-santacreu-anglesola\/wp-json\/wp\/v2\/categories?post=3748"},{"taxonomy":"post_tag","embeddable":true,"href":"https:\/\/agora.xtec.cat\/ceip-santacreu-anglesola\/wp-json\/wp\/v2\/tags?post=3748"}],"curies":[{"name":"wp","href":"https:\/\/api.w.org\/{rel}","templated":true}]}}