{"id":3718,"date":"2021-03-01T09:53:25","date_gmt":"2021-03-01T08:53:25","guid":{"rendered":"http:\/\/agora.xtec.cat\/ceip-santacreu-anglesola\/?p=3718"},"modified":"2021-03-01T09:53:25","modified_gmt":"2021-03-01T08:53:25","slug":"ambients-a-lescola-de-petits","status":"publish","type":"post","link":"https:\/\/agora.xtec.cat\/ceip-santacreu-anglesola\/general\/ambients-a-lescola-de-petits\/","title":{"rendered":"Ambients a l&#8217;escola de petits"},"content":{"rendered":"<p align=\"justify\"><span style=\"font-size: large;\"><span lang=\"ca-ES\">\u00a0AMBIENT DE GRAFOMOTRICITAT<\/span><\/span><\/p>\n<p align=\"justify\"><span style=\"font-size: large;\"><span lang=\"ca-ES\">El vostres fills i filles han apr\u00e8s a fer onades, primer a sobre de les taules d\u2019experimentaci\u00f3 tots junts i despr\u00e9s a nivell individual a sobre d\u2019un full DN3.<\/span><\/span><\/p>\n<p align=\"justify\"><span style=\"font-size: large;\"><span lang=\"ca-ES\">AMBIENT D\u2019EXPRESSI\u00d3<\/span><\/span><\/p>\n<p align=\"justify\"><span style=\"font-size: large;\"><span lang=\"ca-ES\">Les nenes i els nens s\u2019ho han passat pipa jugant amb les ombres, han descobert que si es posen davant d\u2019una llum poden observar la seva silueta. Hem jugat a endevinar qui hi havia al darrera del paper, nom\u00e9s observant la seva silueta, a endevinar de quin personatge s\u2019han disfressat i tamb\u00e9 a descobrir quin animal estaven imitant. Ens ho hem passat molt b\u00e9 i hem rigut molt!!!!<\/span><\/span><\/p>\n<p align=\"justify\"><span style=\"font-size: large;\"><span lang=\"ca-ES\">AMBIENT DE ROB\u00d2TICA<\/span><\/span><\/p>\n<p align=\"justify\"><span style=\"font-size: large;\"><span lang=\"ca-ES\">Els vostres nens i nenes ja s\u2019han iniciat en el m\u00f3n de la rob\u00f2tica a trav\u00e9s dels bee-bots que tenim aqu\u00ed a l\u2019escola, per treballar el llenguatge computacional.<\/span><\/span><\/p>\n<p align=\"justify\"><span style=\"font-size: large;\"><span lang=\"ca-ES\">S\u2019ho han passat d\u2019all\u00f2 m\u00e9s b\u00e9 i han comen\u00e7at a esbrinar com funcionen.<\/span><\/span><\/p>\n<p align=\"justify\"><span style=\"font-size: large;\"><span lang=\"ca-ES\">AMBIENT SENSORIAL<\/span><\/span><\/p>\n<p align=\"justify\"><span style=\"font-size: large;\"><span lang=\"ca-ES\">A l\u2019ambient sensorial <\/span><\/span><span style=\"font-size: large;\"><span lang=\"ca-ES\">els alumnes han<\/span><\/span><span style=\"font-size: large;\"><span lang=\"ca-ES\"> treballat el sentit del tacte amb l\u2019escuma d&#8217;afaitar i amb sorra del nostre sorral. <\/span><\/span><span style=\"font-size: large;\"><span lang=\"ca-ES\">Han gaudit molt experimentant i creant.<\/span><\/span><\/p>\n<p align=\"justify\">Si voleu veure les fotografies, cliqueu a la imatge seg\u00fcent.<\/p>\n<p align=\"justify\"><a href=\"https:\/\/agora.xtec.cat\/ceip-santacreu-anglesola\/?p=3670&amp;preview=true\"><img loading=\"lazy\" decoding=\"async\" class=\"alignnone wp-image-3720 size-medium\" src=\"https:\/\/agora.xtec.cat\/ceip-santacreu-anglesola\/wp-content\/uploads\/usu483\/2021\/03\/20210127_152800-300x225.jpg\" alt=\"\" width=\"300\" height=\"225\" srcset=\"https:\/\/agora.xtec.cat\/ceip-santacreu-anglesola\/wp-content\/uploads\/usu483\/2021\/03\/20210127_152800-300x225.jpg 300w, https:\/\/agora.xtec.cat\/ceip-santacreu-anglesola\/wp-content\/uploads\/usu483\/2021\/03\/20210127_152800-768x576.jpg 768w, https:\/\/agora.xtec.cat\/ceip-santacreu-anglesola\/wp-content\/uploads\/usu483\/2021\/03\/20210127_152800-1024x768.jpg 1024w, https:\/\/agora.xtec.cat\/ceip-santacreu-anglesola\/wp-content\/uploads\/usu483\/2021\/03\/20210127_152800-200x150.jpg 200w, https:\/\/agora.xtec.cat\/ceip-santacreu-anglesola\/wp-content\/uploads\/usu483\/2021\/03\/20210127_152800.jpg 1632w\" sizes=\"auto, (max-width: 300px) 100vw, 300px\" \/><\/a><\/p>\n","protected":false},"excerpt":{"rendered":"<p>\u00a0AMBIENT DE GRAFOMOTRICITAT<br \/>\nEl vostres fills i filles han apr\u00e8s a fer onades, primer a sobre de les taules d\u2019experimentaci\u00f3 tots junts i despr\u00e9s a nivell individual a sobre d\u2019un full DN3.<br \/>\nAMBIENT D\u2019EXPRESSI\u00d3<br \/>\nLes nenes i els nens s\u2019ho han passat pipa jugant amb les ombres, han&hellip;  <a href=\"https:\/\/agora.xtec.cat\/ceip-santacreu-anglesola\/general\/ambients-a-lescola-de-petits\/\" title=\"Read Ambients a l&#8217;escola de petits\">Llegeix m\u00e9s\u00bb<\/a><\/p>\n","protected":false},"author":1,"featured_media":3720,"comment_status":"open","ping_status":"closed","sticky":false,"template":"","format":"standard","meta":{"_bbp_topic_count":0,"_bbp_reply_count":0,"_bbp_total_topic_count":0,"_bbp_total_reply_count":0,"_bbp_voice_count":0,"_bbp_anonymous_reply_count":0,"_bbp_topic_count_hidden":0,"_bbp_reply_count_hidden":0,"_bbp_forum_subforum_count":0,"footnotes":""},"categories":[1,4],"tags":[],"class_list":["post-3718","post","type-post","status-publish","format-standard","has-post-thumbnail","hentry","category-general","category-portada"],"post_mailing_queue_ids":[],"_links":{"self":[{"href":"https:\/\/agora.xtec.cat\/ceip-santacreu-anglesola\/wp-json\/wp\/v2\/posts\/3718","targetHints":{"allow":["GET"]}}],"collection":[{"href":"https:\/\/agora.xtec.cat\/ceip-santacreu-anglesola\/wp-json\/wp\/v2\/posts"}],"about":[{"href":"https:\/\/agora.xtec.cat\/ceip-santacreu-anglesola\/wp-json\/wp\/v2\/types\/post"}],"author":[{"embeddable":true,"href":"https:\/\/agora.xtec.cat\/ceip-santacreu-anglesola\/wp-json\/wp\/v2\/users\/1"}],"replies":[{"embeddable":true,"href":"https:\/\/agora.xtec.cat\/ceip-santacreu-anglesola\/wp-json\/wp\/v2\/comments?post=3718"}],"version-history":[{"count":3,"href":"https:\/\/agora.xtec.cat\/ceip-santacreu-anglesola\/wp-json\/wp\/v2\/posts\/3718\/revisions"}],"predecessor-version":[{"id":3724,"href":"https:\/\/agora.xtec.cat\/ceip-santacreu-anglesola\/wp-json\/wp\/v2\/posts\/3718\/revisions\/3724"}],"wp:featuredmedia":[{"embeddable":true,"href":"https:\/\/agora.xtec.cat\/ceip-santacreu-anglesola\/wp-json\/wp\/v2\/media\/3720"}],"wp:attachment":[{"href":"https:\/\/agora.xtec.cat\/ceip-santacreu-anglesola\/wp-json\/wp\/v2\/media?parent=3718"}],"wp:term":[{"taxonomy":"category","embeddable":true,"href":"https:\/\/agora.xtec.cat\/ceip-santacreu-anglesola\/wp-json\/wp\/v2\/categories?post=3718"},{"taxonomy":"post_tag","embeddable":true,"href":"https:\/\/agora.xtec.cat\/ceip-santacreu-anglesola\/wp-json\/wp\/v2\/tags?post=3718"}],"curies":[{"name":"wp","href":"https:\/\/api.w.org\/{rel}","templated":true}]}}