{"id":3690,"date":"2021-02-25T10:52:12","date_gmt":"2021-02-25T09:52:12","guid":{"rendered":"http:\/\/agora.xtec.cat\/ceip-santacreu-anglesola\/?p=3690"},"modified":"2021-02-25T10:52:54","modified_gmt":"2021-02-25T09:52:54","slug":"preinscripcio","status":"publish","type":"post","link":"https:\/\/agora.xtec.cat\/ceip-santacreu-anglesola\/general\/preinscripcio\/","title":{"rendered":"PREINSCRIPCI\u00d3"},"content":{"rendered":"<h2><strong><span style=\"color: #800080;\">PREINSCRIPCI\u00d3 PEL CURS 2021-2022<\/span><\/strong><\/h2>\n<h3><strong>ATENCI\u00d3 <span style=\"color: #ff0000;\">NOM\u00c9S ALUMNES NOUS AL CENTRE<\/span>\u00a0O QUE FARAN P3!<\/strong><\/h3>\n<p><span style=\"color: #ff0000;\">LA<\/span><strong style=\"font-size: 1.125em;\"><span style=\"color: #ff0000;\"> PREINSCRIPCI\u00d3 <\/span><\/strong><span style=\"color: #ff0000;\">A L&#8217;EDUCACI\u00d3 INFANTIL, PRIM\u00c0RIA I ESO SER\u00c0 DEL<\/span><strong style=\"font-size: 1.125em;\"><span style=\"color: #ff0000;\"> 15 AL 24 DE MAR\u00c7.<\/span><\/strong><\/p>\n<p>Totes les fam\u00edlies que estiguin interessades en realitzar la preinscripci\u00f3 a la nostra escola ja sigui per entrar a P3 -nens\/es nascuts el 2018- com per altres cursos d\u2019Educaci\u00f3 Infantil i Prim\u00e0ria poden posar-se en contacte per mitj\u00e0 del\u00a0 correu electr\u00f2nic de l&#8217;escola\u00a0 <a href=\"mailto:c5000854@xtec.cat\">c5000854@xtec.cat.<\/a><\/p>\n<p>El <span style=\"color: #ff0000;\"><strong>divendres dia 5 de mar\u00e7<\/strong><\/span> tindr\u00e0 lloc la <strong><span style=\"color: #ff0000;\">JORNADA DE PORTES OBERTES<\/span><\/strong>\u00a0 i REUNI\u00d3 INFORMATIVA a les <span style=\"color: #ff0000;\"><strong>17.30h<\/strong><\/span>.<br \/>\n<strong>Cal apuntar-se pr\u00e8viament<\/strong> al correu de l&#8217;escola <a href=\"mailto:c5000854@xtec.cat\">c5000854@xtec.cat.\u00a0<\/a><br \/>\n<span style=\"font-family: inherit; font-size: 1em;\">Aquesta visita es far\u00e0 seguint totes les mesures de seguretat per c\u00f2vid 19, per aquest motiu nom\u00e9s hi pot assistir una sola persona per fam\u00edlia i \u00e9s obligatori l\u2019\u00fas de mascareta.<\/span><\/p>\n<p>https:\/\/youtu.be\/7Jz8gYBFCFM<\/p>\n<ul>\n<li><a href=\"https:\/\/preinscripcio.gencat.cat\/ca\/estudis\/infantil-3-6\/inici\/\">WEB DE PREINSCRIPCI\u00d3 DE LA GENERALITAT\u00a0 Educaci\u00f3 Infantil (3-6 anys)<\/a><\/li>\n<li><a href=\"https:\/\/preinscripcio.gencat.cat\/ca\/estudis\/primaria\/inici\/\">WEB DE PREINSCRIPCI\u00d3 DE LA GENERALITAT\u00a0 Educaci\u00f3 Prim\u00e0ria (6-12 anys)<\/a><\/li>\n<li><\/li>\n<\/ul>\n<hr \/>\n<p>&nbsp;<\/p>\n","protected":false},"excerpt":{"rendered":"<p>PREINSCRIPCI\u00d3 PEL CURS 2021-2022<br \/>\nATENCI\u00d3 NOM\u00c9S ALUMNES NOUS AL CENTRE\u00a0O QUE FARAN P3!<br \/>\nLA PREINSCRIPCI\u00d3 A L&#8217;EDUCACI\u00d3 INFANTIL, PRIM\u00c0RIA I ESO SER\u00c0 DEL 15 AL 24 DE MAR\u00c7.<br \/>\nTotes les fam\u00edlies que estiguin interessades en realitzar la preinscripci\u00f3 a la nostra escola ja sigui per entrar a P3&hellip;  <a href=\"https:\/\/agora.xtec.cat\/ceip-santacreu-anglesola\/general\/preinscripcio\/\" title=\"Read PREINSCRIPCI\u00d3\">Llegeix m\u00e9s\u00bb<\/a><\/p>\n","protected":false},"author":4,"featured_media":3709,"comment_status":"open","ping_status":"closed","sticky":false,"template":"","format":"standard","meta":{"_bbp_topic_count":0,"_bbp_reply_count":0,"_bbp_total_topic_count":0,"_bbp_total_reply_count":0,"_bbp_voice_count":0,"_bbp_anonymous_reply_count":0,"_bbp_topic_count_hidden":0,"_bbp_reply_count_hidden":0,"_bbp_forum_subforum_count":0,"footnotes":""},"categories":[1],"tags":[],"class_list":["post-3690","post","type-post","status-publish","format-standard","has-post-thumbnail","hentry","category-general"],"post_mailing_queue_ids":[],"_links":{"self":[{"href":"https:\/\/agora.xtec.cat\/ceip-santacreu-anglesola\/wp-json\/wp\/v2\/posts\/3690","targetHints":{"allow":["GET"]}}],"collection":[{"href":"https:\/\/agora.xtec.cat\/ceip-santacreu-anglesola\/wp-json\/wp\/v2\/posts"}],"about":[{"href":"https:\/\/agora.xtec.cat\/ceip-santacreu-anglesola\/wp-json\/wp\/v2\/types\/post"}],"author":[{"embeddable":true,"href":"https:\/\/agora.xtec.cat\/ceip-santacreu-anglesola\/wp-json\/wp\/v2\/users\/4"}],"replies":[{"embeddable":true,"href":"https:\/\/agora.xtec.cat\/ceip-santacreu-anglesola\/wp-json\/wp\/v2\/comments?post=3690"}],"version-history":[{"count":3,"href":"https:\/\/agora.xtec.cat\/ceip-santacreu-anglesola\/wp-json\/wp\/v2\/posts\/3690\/revisions"}],"predecessor-version":[{"id":3711,"href":"https:\/\/agora.xtec.cat\/ceip-santacreu-anglesola\/wp-json\/wp\/v2\/posts\/3690\/revisions\/3711"}],"wp:featuredmedia":[{"embeddable":true,"href":"https:\/\/agora.xtec.cat\/ceip-santacreu-anglesola\/wp-json\/wp\/v2\/media\/3709"}],"wp:attachment":[{"href":"https:\/\/agora.xtec.cat\/ceip-santacreu-anglesola\/wp-json\/wp\/v2\/media?parent=3690"}],"wp:term":[{"taxonomy":"category","embeddable":true,"href":"https:\/\/agora.xtec.cat\/ceip-santacreu-anglesola\/wp-json\/wp\/v2\/categories?post=3690"},{"taxonomy":"post_tag","embeddable":true,"href":"https:\/\/agora.xtec.cat\/ceip-santacreu-anglesola\/wp-json\/wp\/v2\/tags?post=3690"}],"curies":[{"name":"wp","href":"https:\/\/api.w.org\/{rel}","templated":true}]}}