{"id":3686,"date":"2021-02-19T13:18:02","date_gmt":"2021-02-19T12:18:02","guid":{"rendered":"http:\/\/agora.xtec.cat\/ceip-santacreu-anglesola\/?p=3686"},"modified":"2021-04-26T20:00:46","modified_gmt":"2021-04-26T18:00:46","slug":"sobre-alimentacio-i-sobre-pantalles","status":"publish","type":"post","link":"https:\/\/agora.xtec.cat\/ceip-santacreu-anglesola\/general\/sobre-alimentacio-i-sobre-pantalles\/","title":{"rendered":"Sobre alimentaci\u00f3 i sobre pantalles"},"content":{"rendered":"<p>Aquest mes us proposem la lectura de dos articles. El primer que teniu en imatge, la pediatra M\u00edriam Mart\u00ednez dona consells i pautes per a qu\u00e8 els nostres infants tinguin uns bons h\u00e0bits de son i descans. Cal tenir en compte que quan dona exemples d&#8217;aliments per facilitar el son ho fa per a dietes vegetarianes per\u00f2 els consells es poden adaptar en una dieta en la que s&#8217;insereixin tot tipus d&#8217;aliments, el que cal tenir en compte \u00e9s el tipus de nutrients (prote\u00efnes, hidrats de carboni, etc.).<\/p>\n<p><a href=\"https:\/\/agora.xtec.cat\/ceip-santacreu-anglesola\/wp-content\/uploads\/usu483\/2021\/02\/alimentaci\u00f3.jpg\"><img loading=\"lazy\" decoding=\"async\" class=\"alignnone size-large wp-image-3687\" src=\"https:\/\/agora.xtec.cat\/ceip-santacreu-anglesola\/wp-content\/uploads\/usu483\/2021\/02\/alimentaci\u00f3-1024x740.jpg\" alt=\"\" width=\"1024\" height=\"740\" srcset=\"https:\/\/agora.xtec.cat\/ceip-santacreu-anglesola\/wp-content\/uploads\/usu483\/2021\/02\/alimentaci\u00f3-1024x740.jpg 1024w, https:\/\/agora.xtec.cat\/ceip-santacreu-anglesola\/wp-content\/uploads\/usu483\/2021\/02\/alimentaci\u00f3-300x217.jpg 300w, https:\/\/agora.xtec.cat\/ceip-santacreu-anglesola\/wp-content\/uploads\/usu483\/2021\/02\/alimentaci\u00f3-768x555.jpg 768w\" sizes=\"auto, (max-width: 1024px) 100vw, 1024px\" \/><\/a><\/p>\n<p>El segon article, que trobareu clicant a l&#8217;enlla\u00e7, reflexiona sobre el consum addictiu de s\u00e8ries per part dels infants i joves.<\/p>\n<p><a href=\"https:\/\/www.social.cat\/noticia\/13782\/binge-watching-infantil-mes-addiccio-menys-capacitat-de-control\">https:\/\/www.social.cat\/noticia\/13782\/binge-watching-infantil-mes-addiccio-menys-capacitat-de-control<\/a><\/p>\n<p>&nbsp;<\/p>\n","protected":false},"excerpt":{"rendered":"<p>Aquest mes us proposem la lectura de dos articles. El primer que teniu en imatge, la pediatra M\u00edriam Mart\u00ednez dona consells i pautes per a qu\u00e8 els nostres infants tinguin uns bons h\u00e0bits de son i descans. Cal tenir en compte que quan dona exemples&hellip;  <a href=\"https:\/\/agora.xtec.cat\/ceip-santacreu-anglesola\/general\/sobre-alimentacio-i-sobre-pantalles\/\" title=\"Read Sobre alimentaci\u00f3 i sobre pantalles\">Llegeix m\u00e9s\u00bb<\/a><\/p>\n","protected":false},"author":3,"featured_media":0,"comment_status":"open","ping_status":"closed","sticky":false,"template":"","format":"standard","meta":{"_bbp_topic_count":0,"_bbp_reply_count":0,"_bbp_total_topic_count":0,"_bbp_total_reply_count":0,"_bbp_voice_count":0,"_bbp_anonymous_reply_count":0,"_bbp_topic_count_hidden":0,"_bbp_reply_count_hidden":0,"_bbp_forum_subforum_count":0,"footnotes":""},"categories":[54,1,4],"tags":[],"class_list":["post-3686","post","type-post","status-publish","format-standard","hentry","category-articles","category-general","category-portada"],"post_mailing_queue_ids":[],"_links":{"self":[{"href":"https:\/\/agora.xtec.cat\/ceip-santacreu-anglesola\/wp-json\/wp\/v2\/posts\/3686","targetHints":{"allow":["GET"]}}],"collection":[{"href":"https:\/\/agora.xtec.cat\/ceip-santacreu-anglesola\/wp-json\/wp\/v2\/posts"}],"about":[{"href":"https:\/\/agora.xtec.cat\/ceip-santacreu-anglesola\/wp-json\/wp\/v2\/types\/post"}],"author":[{"embeddable":true,"href":"https:\/\/agora.xtec.cat\/ceip-santacreu-anglesola\/wp-json\/wp\/v2\/users\/3"}],"replies":[{"embeddable":true,"href":"https:\/\/agora.xtec.cat\/ceip-santacreu-anglesola\/wp-json\/wp\/v2\/comments?post=3686"}],"version-history":[{"count":1,"href":"https:\/\/agora.xtec.cat\/ceip-santacreu-anglesola\/wp-json\/wp\/v2\/posts\/3686\/revisions"}],"predecessor-version":[{"id":3688,"href":"https:\/\/agora.xtec.cat\/ceip-santacreu-anglesola\/wp-json\/wp\/v2\/posts\/3686\/revisions\/3688"}],"wp:attachment":[{"href":"https:\/\/agora.xtec.cat\/ceip-santacreu-anglesola\/wp-json\/wp\/v2\/media?parent=3686"}],"wp:term":[{"taxonomy":"category","embeddable":true,"href":"https:\/\/agora.xtec.cat\/ceip-santacreu-anglesola\/wp-json\/wp\/v2\/categories?post=3686"},{"taxonomy":"post_tag","embeddable":true,"href":"https:\/\/agora.xtec.cat\/ceip-santacreu-anglesola\/wp-json\/wp\/v2\/tags?post=3686"}],"curies":[{"name":"wp","href":"https:\/\/api.w.org\/{rel}","templated":true}]}}