{"id":3682,"date":"2021-02-23T10:43:44","date_gmt":"2021-02-23T09:43:44","guid":{"rendered":"http:\/\/agora.xtec.cat\/ceip-santacreu-anglesola\/?p=3682"},"modified":"2021-02-23T20:16:37","modified_gmt":"2021-02-23T19:16:37","slug":"carnaval-2021","status":"publish","type":"post","link":"https:\/\/agora.xtec.cat\/ceip-santacreu-anglesola\/general\/carnaval-2021\/","title":{"rendered":"CARNAVAL 2021"},"content":{"rendered":"<p>Aquests dies a l&#8217;escola hem celebrat el Carnestoltes des del dia 11, dijous llarder, fins al dia 17, dimecres de Cendra.<br \/>\nMalgrat les circumst\u00e0ncies la festa ha estat igual que els altres cursos i el m\u00e9s important \u00e9s que els nens i nenes s&#8217;ho han passat d&#8217; all\u00f2 mes b\u00e9.<br \/>\nEls Carnestoltes ens va deixar unes ordres que hem anat complint dia a dia.<br \/>\nLes ordres que ens va deixar son aquestes:<br \/>\n<strong>Dijous, 11 febrer: <\/strong>Hem de posar-nos barrets ben divertits.<br \/>\n<strong>Divendres, 12 febrer:<\/strong> Disfressats de casa vindrem i a l\u2019escola berenarem.<br \/>\n<strong>Dilluns, 15 febrer:<\/strong> Podeu venir amb el \u00ad\u00ad cabell pintat, diademes i lla\u00e7os, amb un barret estrafolari o un pentinat ben esverat!<br \/>\n<strong>Dimarts, 16 febrer:\u00a0 <\/strong>Barret de diferent color lluir\u00e0s.<br \/>\n<strong>Dimecres de cendra: <\/strong>Vestits de negre vindreu despr\u00e9s d\u2019una setmana molt alegre.<\/p>\n<p><a href=\"https:\/\/agora.xtec.cat\/ceip-santacreu-anglesola\/?p=3695&amp;preview=true\"><img loading=\"lazy\" decoding=\"async\" class=\"alignnone wp-image-3693 \" src=\"https:\/\/agora.xtec.cat\/ceip-santacreu-anglesola\/wp-content\/uploads\/usu483\/2021\/02\/carnaval.jpg\" alt=\"\" width=\"316\" height=\"409\" \/><\/a><\/p>\n","protected":false},"excerpt":{"rendered":"<p>Aquests dies a l&#8217;escola hem celebrat el Carnestoltes des del dia 11, dijous llarder, fins al dia 17, dimecres de Cendra.<br \/>\nMalgrat les circumst\u00e0ncies la festa ha estat igual que els altres cursos i el m\u00e9s important \u00e9s que els nens i nenes s&#8217;ho han passat&hellip;  <a href=\"https:\/\/agora.xtec.cat\/ceip-santacreu-anglesola\/general\/carnaval-2021\/\" title=\"Read CARNAVAL 2021\">Llegeix m\u00e9s\u00bb<\/a><\/p>\n","protected":false},"author":1,"featured_media":3693,"comment_status":"open","ping_status":"closed","sticky":false,"template":"","format":"standard","meta":{"_bbp_topic_count":0,"_bbp_reply_count":0,"_bbp_total_topic_count":0,"_bbp_total_reply_count":0,"_bbp_voice_count":0,"_bbp_anonymous_reply_count":0,"_bbp_topic_count_hidden":0,"_bbp_reply_count_hidden":0,"_bbp_forum_subforum_count":0,"footnotes":""},"categories":[1,4],"tags":[],"class_list":["post-3682","post","type-post","status-publish","format-standard","has-post-thumbnail","hentry","category-general","category-portada"],"post_mailing_queue_ids":[],"_links":{"self":[{"href":"https:\/\/agora.xtec.cat\/ceip-santacreu-anglesola\/wp-json\/wp\/v2\/posts\/3682","targetHints":{"allow":["GET"]}}],"collection":[{"href":"https:\/\/agora.xtec.cat\/ceip-santacreu-anglesola\/wp-json\/wp\/v2\/posts"}],"about":[{"href":"https:\/\/agora.xtec.cat\/ceip-santacreu-anglesola\/wp-json\/wp\/v2\/types\/post"}],"author":[{"embeddable":true,"href":"https:\/\/agora.xtec.cat\/ceip-santacreu-anglesola\/wp-json\/wp\/v2\/users\/1"}],"replies":[{"embeddable":true,"href":"https:\/\/agora.xtec.cat\/ceip-santacreu-anglesola\/wp-json\/wp\/v2\/comments?post=3682"}],"version-history":[{"count":3,"href":"https:\/\/agora.xtec.cat\/ceip-santacreu-anglesola\/wp-json\/wp\/v2\/posts\/3682\/revisions"}],"predecessor-version":[{"id":3699,"href":"https:\/\/agora.xtec.cat\/ceip-santacreu-anglesola\/wp-json\/wp\/v2\/posts\/3682\/revisions\/3699"}],"wp:featuredmedia":[{"embeddable":true,"href":"https:\/\/agora.xtec.cat\/ceip-santacreu-anglesola\/wp-json\/wp\/v2\/media\/3693"}],"wp:attachment":[{"href":"https:\/\/agora.xtec.cat\/ceip-santacreu-anglesola\/wp-json\/wp\/v2\/media?parent=3682"}],"wp:term":[{"taxonomy":"category","embeddable":true,"href":"https:\/\/agora.xtec.cat\/ceip-santacreu-anglesola\/wp-json\/wp\/v2\/categories?post=3682"},{"taxonomy":"post_tag","embeddable":true,"href":"https:\/\/agora.xtec.cat\/ceip-santacreu-anglesola\/wp-json\/wp\/v2\/tags?post=3682"}],"curies":[{"name":"wp","href":"https:\/\/api.w.org\/{rel}","templated":true}]}}