{"id":3654,"date":"2021-02-11T16:43:59","date_gmt":"2021-02-11T15:43:59","guid":{"rendered":"http:\/\/agora.xtec.cat\/ceip-santacreu-anglesola\/?p=3654"},"modified":"2021-02-11T16:48:54","modified_gmt":"2021-02-11T15:48:54","slug":"activitat-de-biblioteca-gener-febrer-2021","status":"publish","type":"post","link":"https:\/\/agora.xtec.cat\/ceip-santacreu-anglesola\/biblioaventura\/activitat-de-biblioteca-gener-febrer-2021\/","title":{"rendered":"Activitat de biblioteca Gener- Febrer 2021"},"content":{"rendered":"<p>El Ti\u00f3 ens va cagar llibres, cada any ho fa, son llibres\u00a0 i contes que durant aquest mes hem llegit, mirat o explicat. Tracten d&#8217; hist\u00f2ries relacionades amb el projecte que estem fem.<\/p>\n<p>El dia 30 de gener \u00e9s el dia de la Pau i tamb\u00e9 vam llegir i explicar hist\u00f2ries relacionades amb aquest tema. Malgrat fer-ho cada any als nens\/es els hi agrada aquest tema i ho viuen com si fos nou.<\/p>\n<p><a href=\"https:\/\/agora.xtec.cat\/ceip-santacreu-anglesola\/wp-content\/uploads\/usu483\/2021\/02\/IMG_1592.jpg\"><img loading=\"lazy\" decoding=\"async\" class=\" wp-image-3656 aligncenter\" src=\"https:\/\/agora.xtec.cat\/ceip-santacreu-anglesola\/wp-content\/uploads\/usu483\/2021\/02\/IMG_1592.jpg\" alt=\"\" width=\"251\" height=\"335\" \/><\/a><\/p>\n<p>Al Febrer, com no podia ser d&#8217; altra manera, la tem\u00e0tica dels llibres t\u00e9 relaci\u00f3 amb la festa estrella d&#8217;aquest mes <strong>&#8220;El Carnaval&#8221;<\/strong> coneixen b\u00e9 la tradici\u00f3, per\u00f2 \u00e9s com si cada curs es tractes d&#8217;una hist\u00f2ria nova.<\/p>\n<p><a href=\"https:\/\/agora.xtec.cat\/ceip-santacreu-anglesola\/wp-content\/uploads\/usu483\/2021\/02\/carnestoltes-la-galera.jpg\"><img loading=\"lazy\" decoding=\"async\" class=\" wp-image-3660 aligncenter\" src=\"https:\/\/agora.xtec.cat\/ceip-santacreu-anglesola\/wp-content\/uploads\/usu483\/2021\/02\/carnestoltes-la-galera.jpg\" alt=\"\" width=\"260\" height=\"264\" srcset=\"https:\/\/agora.xtec.cat\/ceip-santacreu-anglesola\/wp-content\/uploads\/usu483\/2021\/02\/carnestoltes-la-galera.jpg 310w, https:\/\/agora.xtec.cat\/ceip-santacreu-anglesola\/wp-content\/uploads\/usu483\/2021\/02\/carnestoltes-la-galera-295x300.jpg 295w\" sizes=\"auto, (max-width: 260px) 100vw, 260px\" \/><\/a><\/p>\n<p>Tamb\u00e9 hem presentat llibres nous que hem adquirit per la biblioteca.<\/p>\n<p style=\"text-align: center;\"><a href=\"https:\/\/agora.xtec.cat\/ceip-santacreu-anglesola\/wp-content\/uploads\/usu483\/2021\/02\/0e5a9996-7049-4f85-93de-1d764dbd0b97.jpg\"><img loading=\"lazy\" decoding=\"async\" class=\"alignnone wp-image-3657\" src=\"https:\/\/agora.xtec.cat\/ceip-santacreu-anglesola\/wp-content\/uploads\/usu483\/2021\/02\/0e5a9996-7049-4f85-93de-1d764dbd0b97-576x1024.jpg\" alt=\"\" width=\"180\" height=\"320\" srcset=\"https:\/\/agora.xtec.cat\/ceip-santacreu-anglesola\/wp-content\/uploads\/usu483\/2021\/02\/0e5a9996-7049-4f85-93de-1d764dbd0b97-576x1024.jpg 576w, https:\/\/agora.xtec.cat\/ceip-santacreu-anglesola\/wp-content\/uploads\/usu483\/2021\/02\/0e5a9996-7049-4f85-93de-1d764dbd0b97-169x300.jpg 169w, https:\/\/agora.xtec.cat\/ceip-santacreu-anglesola\/wp-content\/uploads\/usu483\/2021\/02\/0e5a9996-7049-4f85-93de-1d764dbd0b97-768x1365.jpg 768w, https:\/\/agora.xtec.cat\/ceip-santacreu-anglesola\/wp-content\/uploads\/usu483\/2021\/02\/0e5a9996-7049-4f85-93de-1d764dbd0b97.jpg 1134w\" sizes=\"auto, (max-width: 180px) 100vw, 180px\" \/><\/a><a href=\"https:\/\/agora.xtec.cat\/ceip-santacreu-anglesola\/wp-content\/uploads\/usu483\/2021\/02\/7e49c2c4-785c-4fe6-a0e9-6427e65da509.jpg\"><img loading=\"lazy\" decoding=\"async\" class=\"alignnone wp-image-3658\" src=\"https:\/\/agora.xtec.cat\/ceip-santacreu-anglesola\/wp-content\/uploads\/usu483\/2021\/02\/7e49c2c4-785c-4fe6-a0e9-6427e65da509-576x1024.jpg\" alt=\"\" width=\"176\" height=\"313\" srcset=\"https:\/\/agora.xtec.cat\/ceip-santacreu-anglesola\/wp-content\/uploads\/usu483\/2021\/02\/7e49c2c4-785c-4fe6-a0e9-6427e65da509-576x1024.jpg 576w, https:\/\/agora.xtec.cat\/ceip-santacreu-anglesola\/wp-content\/uploads\/usu483\/2021\/02\/7e49c2c4-785c-4fe6-a0e9-6427e65da509-169x300.jpg 169w, https:\/\/agora.xtec.cat\/ceip-santacreu-anglesola\/wp-content\/uploads\/usu483\/2021\/02\/7e49c2c4-785c-4fe6-a0e9-6427e65da509-768x1365.jpg 768w, https:\/\/agora.xtec.cat\/ceip-santacreu-anglesola\/wp-content\/uploads\/usu483\/2021\/02\/7e49c2c4-785c-4fe6-a0e9-6427e65da509.jpg 1134w\" sizes=\"auto, (max-width: 176px) 100vw, 176px\" \/><\/a><\/p>\n","protected":false},"excerpt":{"rendered":"<p>El Ti\u00f3 ens va cagar llibres, cada any ho fa, son llibres\u00a0 i contes que durant aquest mes hem llegit, mirat o explicat. Tracten d&#8217; hist\u00f2ries relacionades amb el projecte que estem fem.<br \/>\nEl dia 30 de gener \u00e9s el dia de la Pau i tamb\u00e9&hellip;  <a href=\"https:\/\/agora.xtec.cat\/ceip-santacreu-anglesola\/biblioaventura\/activitat-de-biblioteca-gener-febrer-2021\/\" title=\"Read Activitat de biblioteca Gener- Febrer 2021\">Llegeix m\u00e9s\u00bb<\/a><\/p>\n","protected":false},"author":1,"featured_media":3660,"comment_status":"open","ping_status":"closed","sticky":false,"template":"","format":"standard","meta":{"_bbp_topic_count":0,"_bbp_reply_count":0,"_bbp_total_topic_count":0,"_bbp_total_reply_count":0,"_bbp_voice_count":0,"_bbp_anonymous_reply_count":0,"_bbp_topic_count_hidden":0,"_bbp_reply_count_hidden":0,"_bbp_forum_subforum_count":0,"footnotes":""},"categories":[51],"tags":[],"class_list":["post-3654","post","type-post","status-publish","format-standard","has-post-thumbnail","hentry","category-biblioaventura"],"post_mailing_queue_ids":[],"_links":{"self":[{"href":"https:\/\/agora.xtec.cat\/ceip-santacreu-anglesola\/wp-json\/wp\/v2\/posts\/3654","targetHints":{"allow":["GET"]}}],"collection":[{"href":"https:\/\/agora.xtec.cat\/ceip-santacreu-anglesola\/wp-json\/wp\/v2\/posts"}],"about":[{"href":"https:\/\/agora.xtec.cat\/ceip-santacreu-anglesola\/wp-json\/wp\/v2\/types\/post"}],"author":[{"embeddable":true,"href":"https:\/\/agora.xtec.cat\/ceip-santacreu-anglesola\/wp-json\/wp\/v2\/users\/1"}],"replies":[{"embeddable":true,"href":"https:\/\/agora.xtec.cat\/ceip-santacreu-anglesola\/wp-json\/wp\/v2\/comments?post=3654"}],"version-history":[{"count":3,"href":"https:\/\/agora.xtec.cat\/ceip-santacreu-anglesola\/wp-json\/wp\/v2\/posts\/3654\/revisions"}],"predecessor-version":[{"id":3662,"href":"https:\/\/agora.xtec.cat\/ceip-santacreu-anglesola\/wp-json\/wp\/v2\/posts\/3654\/revisions\/3662"}],"wp:featuredmedia":[{"embeddable":true,"href":"https:\/\/agora.xtec.cat\/ceip-santacreu-anglesola\/wp-json\/wp\/v2\/media\/3660"}],"wp:attachment":[{"href":"https:\/\/agora.xtec.cat\/ceip-santacreu-anglesola\/wp-json\/wp\/v2\/media?parent=3654"}],"wp:term":[{"taxonomy":"category","embeddable":true,"href":"https:\/\/agora.xtec.cat\/ceip-santacreu-anglesola\/wp-json\/wp\/v2\/categories?post=3654"},{"taxonomy":"post_tag","embeddable":true,"href":"https:\/\/agora.xtec.cat\/ceip-santacreu-anglesola\/wp-json\/wp\/v2\/tags?post=3654"}],"curies":[{"name":"wp","href":"https:\/\/api.w.org\/{rel}","templated":true}]}}