{"id":3641,"date":"2021-02-10T17:11:13","date_gmt":"2021-02-10T16:11:13","guid":{"rendered":"http:\/\/agora.xtec.cat\/ceip-santacreu-anglesola\/?p=3641"},"modified":"2021-02-10T18:49:59","modified_gmt":"2021-02-10T17:49:59","slug":"dia-escolar-de-la-no-vilencia-i-la-pau","status":"publish","type":"post","link":"https:\/\/agora.xtec.cat\/ceip-santacreu-anglesola\/general\/dia-escolar-de-la-no-vilencia-i-la-pau\/","title":{"rendered":"DIA ESCOLAR DE LA NO-VIOL\u00c8NCIA I LA PAU"},"content":{"rendered":"<p style=\"text-align: justify;\">El divendres dia 29 de gener vam celebrar el Dia Escolar de la No-viol\u00e8ncia i la Pau.<br \/>\nVam treballar-ho a cadascuna de les classes segons el nivell i vam realitzar les seg\u00fcents activitats:<br \/>\n<span style=\"font-family: inherit; font-size: 1em;\">&#8211; Elaboraci\u00f3 d&#8217;un mural conjunt amb les fotografies de les nostres rialles. Amb el lema: &#8220;El nostre somriure no el tapa cap mascareta!&#8221;.<br \/>\n<\/span>&#8211; Decoraci\u00f3 individual d&#8217;un globus blanc amb frases o paraules en refer\u00e8ncia a la PAU.<br \/>\n&#8211; Sortida al pati per escoles i grups bombolla a escoltar i ballar la can\u00e7\u00f3 &#8220;Eso que t\u00fa me das&#8221; de Pau Don\u00e9s.<\/p>\n<p><a href=\"https:\/\/agora.xtec.cat\/ceip-santacreu-anglesola\/?p=3648&amp;preview=true\"><img loading=\"lazy\" decoding=\"async\" class=\"alignnone wp-image-3643\" src=\"https:\/\/agora.xtec.cat\/ceip-santacreu-anglesola\/wp-content\/uploads\/usu483\/2021\/02\/WhatsApp-Image-2021-02-03-at-11.29.01-3-300x169.jpeg\" alt=\"\" width=\"400\" height=\"225\" srcset=\"https:\/\/agora.xtec.cat\/ceip-santacreu-anglesola\/wp-content\/uploads\/usu483\/2021\/02\/WhatsApp-Image-2021-02-03-at-11.29.01-3-300x169.jpeg 300w, https:\/\/agora.xtec.cat\/ceip-santacreu-anglesola\/wp-content\/uploads\/usu483\/2021\/02\/WhatsApp-Image-2021-02-03-at-11.29.01-3.jpeg 640w\" sizes=\"auto, (max-width: 400px) 100vw, 400px\" \/><\/a> <a href=\"https:\/\/agora.xtec.cat\/ceip-santacreu-anglesola\/?p=3648&amp;preview=true\"><img loading=\"lazy\" decoding=\"async\" class=\"alignnone wp-image-3644\" src=\"https:\/\/agora.xtec.cat\/ceip-santacreu-anglesola\/wp-content\/uploads\/usu483\/2021\/02\/WhatsApp-Image-2021-02-03-at-11.29.01-2-300x169.jpeg\" alt=\"\" width=\"400\" height=\"225\" srcset=\"https:\/\/agora.xtec.cat\/ceip-santacreu-anglesola\/wp-content\/uploads\/usu483\/2021\/02\/WhatsApp-Image-2021-02-03-at-11.29.01-2-300x169.jpeg 300w, https:\/\/agora.xtec.cat\/ceip-santacreu-anglesola\/wp-content\/uploads\/usu483\/2021\/02\/WhatsApp-Image-2021-02-03-at-11.29.01-2.jpeg 640w\" sizes=\"auto, (max-width: 400px) 100vw, 400px\" \/><\/a><\/p>\n","protected":false},"excerpt":{"rendered":"<p>El divendres dia 29 de gener vam celebrar el Dia Escolar de la No-viol\u00e8ncia i la Pau.<br \/>\nVam treballar-ho a cadascuna de les classes segons el nivell i vam realitzar les seg\u00fcents activitats:<br \/>\n&#8211; Elaboraci\u00f3 d&#8217;un mural conjunt amb les fotografies de les nostres rialles. Amb el&hellip;  <a href=\"https:\/\/agora.xtec.cat\/ceip-santacreu-anglesola\/general\/dia-escolar-de-la-no-vilencia-i-la-pau\/\" title=\"Read DIA ESCOLAR DE LA NO-VIOL\u00c8NCIA I LA PAU\">Llegeix m\u00e9s\u00bb<\/a><\/p>\n","protected":false},"author":4,"featured_media":3645,"comment_status":"open","ping_status":"closed","sticky":false,"template":"","format":"standard","meta":{"_bbp_topic_count":0,"_bbp_reply_count":0,"_bbp_total_topic_count":0,"_bbp_total_reply_count":0,"_bbp_voice_count":0,"_bbp_anonymous_reply_count":0,"_bbp_topic_count_hidden":0,"_bbp_reply_count_hidden":0,"_bbp_forum_subforum_count":0,"footnotes":""},"categories":[1,4],"tags":[],"class_list":["post-3641","post","type-post","status-publish","format-standard","has-post-thumbnail","hentry","category-general","category-portada"],"post_mailing_queue_ids":[],"_links":{"self":[{"href":"https:\/\/agora.xtec.cat\/ceip-santacreu-anglesola\/wp-json\/wp\/v2\/posts\/3641","targetHints":{"allow":["GET"]}}],"collection":[{"href":"https:\/\/agora.xtec.cat\/ceip-santacreu-anglesola\/wp-json\/wp\/v2\/posts"}],"about":[{"href":"https:\/\/agora.xtec.cat\/ceip-santacreu-anglesola\/wp-json\/wp\/v2\/types\/post"}],"author":[{"embeddable":true,"href":"https:\/\/agora.xtec.cat\/ceip-santacreu-anglesola\/wp-json\/wp\/v2\/users\/4"}],"replies":[{"embeddable":true,"href":"https:\/\/agora.xtec.cat\/ceip-santacreu-anglesola\/wp-json\/wp\/v2\/comments?post=3641"}],"version-history":[{"count":3,"href":"https:\/\/agora.xtec.cat\/ceip-santacreu-anglesola\/wp-json\/wp\/v2\/posts\/3641\/revisions"}],"predecessor-version":[{"id":3653,"href":"https:\/\/agora.xtec.cat\/ceip-santacreu-anglesola\/wp-json\/wp\/v2\/posts\/3641\/revisions\/3653"}],"wp:featuredmedia":[{"embeddable":true,"href":"https:\/\/agora.xtec.cat\/ceip-santacreu-anglesola\/wp-json\/wp\/v2\/media\/3645"}],"wp:attachment":[{"href":"https:\/\/agora.xtec.cat\/ceip-santacreu-anglesola\/wp-json\/wp\/v2\/media?parent=3641"}],"wp:term":[{"taxonomy":"category","embeddable":true,"href":"https:\/\/agora.xtec.cat\/ceip-santacreu-anglesola\/wp-json\/wp\/v2\/categories?post=3641"},{"taxonomy":"post_tag","embeddable":true,"href":"https:\/\/agora.xtec.cat\/ceip-santacreu-anglesola\/wp-json\/wp\/v2\/tags?post=3641"}],"curies":[{"name":"wp","href":"https:\/\/api.w.org\/{rel}","templated":true}]}}