{"id":3628,"date":"2021-02-05T20:04:40","date_gmt":"2021-02-05T19:04:40","guid":{"rendered":"http:\/\/agora.xtec.cat\/ceip-santacreu-anglesola\/?p=3628"},"modified":"2021-02-07T22:19:42","modified_gmt":"2021-02-07T21:19:42","slug":"reunions-de-delegats-i-delegades-de-classe","status":"publish","type":"post","link":"https:\/\/agora.xtec.cat\/ceip-santacreu-anglesola\/general\/reunions-de-delegats-i-delegades-de-classe\/","title":{"rendered":"Reunions dels Representants de classe."},"content":{"rendered":"<p>Aquest 2020-21, igual que el curs passat, es va escollir delegats i delegades a totes les classes de Prim\u00e0ria.<br \/>\nAquests alumnes tenen, entre altres tasques, les de ser port<span style=\"font-family: inherit; font-size: 1em;\">aveus del grup, assistir a les <\/span><span style=\"font-family: inherit; font-size: 1em;\">reunions de delegats i tra<\/span><span style=\"font-family: inherit; font-size: 1em;\">nsmetre les informacions de les reunions on participen al grup classe durant les sessions de tutoria.<br \/>\n<\/span><span style=\"font-family: inherit; font-size: 1em;\">Avui divendres\u00a0 els representants de cada curs s&#8217;han reunit amb la <\/span><span style=\"font-family: inherit; font-size: 1em;\">directora i la cap d&#8217;estudis.<br \/>\n<\/span><span style=\"font-family: inherit; font-size: 1em;\">Actualment ho fem en dos grups <\/span>a l&#8217;exterior i amb mascareta.<br \/>\n<span style=\"font-family: inherit; font-size: 1em;\">En aquestes reunions es fan propostes, es planteja dubtes i inquietuds de l&#8217;alumnat&#8230;<br \/>\n<\/span>\u00c9s una manera m\u00e9s de fer nens i nenes responsables i compromesos.<\/p>\n<table style=\"width: 939px; height: 309px;\">\n<tbody>\n<tr style=\"height: 34px;\">\n<td style=\"width: 466.667px; text-align: center; height: 34px;\"><span style=\"font-size: 16px;\">Reuni\u00f3 representants de 1r, 2n i 3r.<\/span><\/td>\n<td style=\"width: 466.667px; text-align: center; height: 34px;\"><span style=\"font-size: 16px;\">Reuni\u00f3 representants de 4t, 5\u00e8 i 6\u00e8.<\/span><\/td>\n<\/tr>\n<tr style=\"height: 275px;\">\n<td style=\"width: 466.667px; height: 275px;\"><a href=\"https:\/\/agora.xtec.cat\/ceip-santacreu-anglesola\/wp-content\/uploads\/usu483\/2021\/02\/02.jpeg\"><img loading=\"lazy\" decoding=\"async\" class=\"alignnone wp-image-3629\" src=\"https:\/\/agora.xtec.cat\/ceip-santacreu-anglesola\/wp-content\/uploads\/usu483\/2021\/02\/02-300x169.jpeg\" alt=\"\" width=\"450\" height=\"253\" srcset=\"https:\/\/agora.xtec.cat\/ceip-santacreu-anglesola\/wp-content\/uploads\/usu483\/2021\/02\/02-300x169.jpeg 300w, https:\/\/agora.xtec.cat\/ceip-santacreu-anglesola\/wp-content\/uploads\/usu483\/2021\/02\/02-768x432.jpeg 768w, https:\/\/agora.xtec.cat\/ceip-santacreu-anglesola\/wp-content\/uploads\/usu483\/2021\/02\/02-1024x576.jpeg 1024w, https:\/\/agora.xtec.cat\/ceip-santacreu-anglesola\/wp-content\/uploads\/usu483\/2021\/02\/02.jpeg 1650w\" sizes=\"auto, (max-width: 450px) 100vw, 450px\" \/><\/a><\/td>\n<td style=\"width: 466.667px; height: 275px;\"><a href=\"https:\/\/agora.xtec.cat\/ceip-santacreu-anglesola\/wp-content\/uploads\/usu483\/2021\/02\/01.jpeg\"><img loading=\"lazy\" decoding=\"async\" class=\"alignnone wp-image-3630\" src=\"https:\/\/agora.xtec.cat\/ceip-santacreu-anglesola\/wp-content\/uploads\/usu483\/2021\/02\/01-300x169.jpeg\" alt=\"\" width=\"450\" height=\"253\" srcset=\"https:\/\/agora.xtec.cat\/ceip-santacreu-anglesola\/wp-content\/uploads\/usu483\/2021\/02\/01-300x169.jpeg 300w, https:\/\/agora.xtec.cat\/ceip-santacreu-anglesola\/wp-content\/uploads\/usu483\/2021\/02\/01-768x432.jpeg 768w, https:\/\/agora.xtec.cat\/ceip-santacreu-anglesola\/wp-content\/uploads\/usu483\/2021\/02\/01-1024x576.jpeg 1024w, https:\/\/agora.xtec.cat\/ceip-santacreu-anglesola\/wp-content\/uploads\/usu483\/2021\/02\/01.jpeg 2016w\" sizes=\"auto, (max-width: 450px) 100vw, 450px\" \/><\/a><\/td>\n<\/tr>\n<\/tbody>\n<\/table>\n<p>&nbsp;<\/p>\n","protected":false},"excerpt":{"rendered":"<p>Aquest 2020-21, igual que el curs passat, es va escollir delegats i delegades a totes les classes de Prim\u00e0ria.<br \/>\nAquests alumnes tenen, entre altres tasques, les de ser portaveus del grup, assistir a les reunions de delegats i transmetre les informacions de les reunions on participen&hellip;  <a href=\"https:\/\/agora.xtec.cat\/ceip-santacreu-anglesola\/general\/reunions-de-delegats-i-delegades-de-classe\/\" title=\"Read Reunions dels Representants de classe.\">Llegeix m\u00e9s\u00bb<\/a><\/p>\n","protected":false},"author":4,"featured_media":3630,"comment_status":"open","ping_status":"closed","sticky":false,"template":"","format":"standard","meta":{"_bbp_topic_count":0,"_bbp_reply_count":0,"_bbp_total_topic_count":0,"_bbp_total_reply_count":0,"_bbp_voice_count":0,"_bbp_anonymous_reply_count":0,"_bbp_topic_count_hidden":0,"_bbp_reply_count_hidden":0,"_bbp_forum_subforum_count":0,"footnotes":""},"categories":[1,4,5],"tags":[],"class_list":["post-3628","post","type-post","status-publish","format-standard","has-post-thumbnail","hentry","category-general","category-portada","category-primaria"],"post_mailing_queue_ids":[],"_links":{"self":[{"href":"https:\/\/agora.xtec.cat\/ceip-santacreu-anglesola\/wp-json\/wp\/v2\/posts\/3628","targetHints":{"allow":["GET"]}}],"collection":[{"href":"https:\/\/agora.xtec.cat\/ceip-santacreu-anglesola\/wp-json\/wp\/v2\/posts"}],"about":[{"href":"https:\/\/agora.xtec.cat\/ceip-santacreu-anglesola\/wp-json\/wp\/v2\/types\/post"}],"author":[{"embeddable":true,"href":"https:\/\/agora.xtec.cat\/ceip-santacreu-anglesola\/wp-json\/wp\/v2\/users\/4"}],"replies":[{"embeddable":true,"href":"https:\/\/agora.xtec.cat\/ceip-santacreu-anglesola\/wp-json\/wp\/v2\/comments?post=3628"}],"version-history":[{"count":3,"href":"https:\/\/agora.xtec.cat\/ceip-santacreu-anglesola\/wp-json\/wp\/v2\/posts\/3628\/revisions"}],"predecessor-version":[{"id":3640,"href":"https:\/\/agora.xtec.cat\/ceip-santacreu-anglesola\/wp-json\/wp\/v2\/posts\/3628\/revisions\/3640"}],"wp:featuredmedia":[{"embeddable":true,"href":"https:\/\/agora.xtec.cat\/ceip-santacreu-anglesola\/wp-json\/wp\/v2\/media\/3630"}],"wp:attachment":[{"href":"https:\/\/agora.xtec.cat\/ceip-santacreu-anglesola\/wp-json\/wp\/v2\/media?parent=3628"}],"wp:term":[{"taxonomy":"category","embeddable":true,"href":"https:\/\/agora.xtec.cat\/ceip-santacreu-anglesola\/wp-json\/wp\/v2\/categories?post=3628"},{"taxonomy":"post_tag","embeddable":true,"href":"https:\/\/agora.xtec.cat\/ceip-santacreu-anglesola\/wp-json\/wp\/v2\/tags?post=3628"}],"curies":[{"name":"wp","href":"https:\/\/api.w.org\/{rel}","templated":true}]}}