{"id":3613,"date":"2021-01-22T12:35:24","date_gmt":"2021-01-22T11:35:24","guid":{"rendered":"http:\/\/agora.xtec.cat\/ceip-santacreu-anglesola\/?p=3613"},"modified":"2021-04-26T20:03:26","modified_gmt":"2021-04-26T18:03:26","slug":"sobre-educacio-emocional-i-sobre-salut-auditiva","status":"publish","type":"post","link":"https:\/\/agora.xtec.cat\/ceip-santacreu-anglesola\/portada\/sobre-educacio-emocional-i-sobre-salut-auditiva\/","title":{"rendered":"Sobre Educaci\u00f3 Emocional i sobre Salut Auditiva"},"content":{"rendered":"<p>Per comen\u00e7ar l&#8217;any us compartim dos articles.<\/p>\n<p>El primer \u00e9s sobre Educaci\u00f3 Emocional. A part d&#8217;una mica d&#8217;explicaci\u00f3 te\u00f2rica, tamb\u00e9 ens dona idees per a treballar l&#8217;educaci\u00f3 emocional a casa i a l&#8217;escola.<\/p>\n<p><a href=\"https:\/\/elpais.com\/mamas-papas\/2021-01-08\/doce-estrategias-para-educar-a-los-ninos-en-inteligencia-emocional.html\">https:\/\/elpais.com\/mamas-papas\/2021-01-08\/doce-estrategias-para-educar-a-los-ninos-en-inteligencia-emocional.html<\/a><\/p>\n<p>El segon article ens dona consells per a tenir una bona salut auditiva. Ens ha semblat interessant ja que molts infants i joves utilitzen els auriculars de forma habitual i \u00e9s important fer-ne un \u00fas correcte.<\/p>\n<p><a href=\"https:\/\/criatures.ara.cat\/adolescencia\/joves-risc-patir-perdua-audicio-per-exposicio-soroll_0_2598940179.html?_ga=2.20957048.1724566903.1610648135-1144874623.1604952903\">https:\/\/criatures.ara.cat\/adolescencia\/joves-risc-patir-perdua-audicio-per-exposicio-soroll_0_2598940179.html?_ga=2.20957048.1724566903.1610648135-1144874623.1604952903<\/a><\/p>\n","protected":false},"excerpt":{"rendered":"<p>Per comen\u00e7ar l&#8217;any us compartim dos articles.<br \/>\nEl primer \u00e9s sobre Educaci\u00f3 Emocional. A part d&#8217;una mica d&#8217;explicaci\u00f3 te\u00f2rica, tamb\u00e9 ens dona idees per a treballar l&#8217;educaci\u00f3 emocional a casa i a l&#8217;escola.<br \/>\n<a href=\"https:\/\/elpais.com\/mamas-papas\/2021-01-08\/doce-estrategias-para-educar-a-los-ninos-en-inteligencia-emocional.html\">https:\/\/elpais.com\/mamas-papas\/2021-01-08\/doce-estrategias-para-educar-a-los-ninos-en-inteligencia-emocional.html<\/a><br \/>\nEl segon article ens dona consells per a tenir una bona salut auditiva.&hellip;  <a href=\"https:\/\/agora.xtec.cat\/ceip-santacreu-anglesola\/portada\/sobre-educacio-emocional-i-sobre-salut-auditiva\/\" title=\"Read Sobre Educaci\u00f3 Emocional i sobre Salut Auditiva\">Llegeix m\u00e9s\u00bb<\/a><\/p>\n","protected":false},"author":3,"featured_media":0,"comment_status":"open","ping_status":"closed","sticky":false,"template":"","format":"standard","meta":{"_bbp_topic_count":0,"_bbp_reply_count":0,"_bbp_total_topic_count":0,"_bbp_total_reply_count":0,"_bbp_voice_count":0,"_bbp_anonymous_reply_count":0,"_bbp_topic_count_hidden":0,"_bbp_reply_count_hidden":0,"_bbp_forum_subforum_count":0,"footnotes":""},"categories":[54,46,4],"tags":[],"class_list":["post-3613","post","type-post","status-publish","format-standard","hentry","category-articles","category-educaciosocioemocional","category-portada"],"post_mailing_queue_ids":[],"_links":{"self":[{"href":"https:\/\/agora.xtec.cat\/ceip-santacreu-anglesola\/wp-json\/wp\/v2\/posts\/3613","targetHints":{"allow":["GET"]}}],"collection":[{"href":"https:\/\/agora.xtec.cat\/ceip-santacreu-anglesola\/wp-json\/wp\/v2\/posts"}],"about":[{"href":"https:\/\/agora.xtec.cat\/ceip-santacreu-anglesola\/wp-json\/wp\/v2\/types\/post"}],"author":[{"embeddable":true,"href":"https:\/\/agora.xtec.cat\/ceip-santacreu-anglesola\/wp-json\/wp\/v2\/users\/3"}],"replies":[{"embeddable":true,"href":"https:\/\/agora.xtec.cat\/ceip-santacreu-anglesola\/wp-json\/wp\/v2\/comments?post=3613"}],"version-history":[{"count":2,"href":"https:\/\/agora.xtec.cat\/ceip-santacreu-anglesola\/wp-json\/wp\/v2\/posts\/3613\/revisions"}],"predecessor-version":[{"id":3615,"href":"https:\/\/agora.xtec.cat\/ceip-santacreu-anglesola\/wp-json\/wp\/v2\/posts\/3613\/revisions\/3615"}],"wp:attachment":[{"href":"https:\/\/agora.xtec.cat\/ceip-santacreu-anglesola\/wp-json\/wp\/v2\/media?parent=3613"}],"wp:term":[{"taxonomy":"category","embeddable":true,"href":"https:\/\/agora.xtec.cat\/ceip-santacreu-anglesola\/wp-json\/wp\/v2\/categories?post=3613"},{"taxonomy":"post_tag","embeddable":true,"href":"https:\/\/agora.xtec.cat\/ceip-santacreu-anglesola\/wp-json\/wp\/v2\/tags?post=3613"}],"curies":[{"name":"wp","href":"https:\/\/api.w.org\/{rel}","templated":true}]}}