{"id":3477,"date":"2020-11-27T17:05:26","date_gmt":"2020-11-27T16:05:26","guid":{"rendered":"http:\/\/agora.xtec.cat\/ceip-santacreu-anglesola\/?p=3477"},"modified":"2020-11-27T17:09:39","modified_gmt":"2020-11-27T16:09:39","slug":"una-biblioteca-diferent","status":"publish","type":"post","link":"https:\/\/agora.xtec.cat\/ceip-santacreu-anglesola\/portada\/una-biblioteca-diferent\/","title":{"rendered":"UNA BIBLIOTECA DIFERENT"},"content":{"rendered":"<h3 style=\"text-align: center;\"><\/h3>\n<p>Aquest curs a difer\u00e8ncia dels altres cursos, la biblioteca es dins a les aules. Cada aula t\u00e9 \u201c <strong>El rac\u00f3 de la biblioteca<\/strong>\u201d, on hi ha un espai, caixa&#8230; on hi ha llibres de la biblioteca del centre, adients a cada nivell.<\/p>\n<p>A l&#8217;hora de biblioteca cada rac\u00f3 es converteix en una mini biblioteca. Els nens poden agafar un llibre, que pot ser en forma de pr\u00e9stec o b\u00e9 llegir-lo, fullejar-lo i tornar-lo al seu lloc.<\/p>\n<p>Davant de la dificultat i de les mesures a prendre\u00a0 \u00a0i que van continuant, a inici de curs es va repartir a cada professor un dossier on hi havia una proposta d&#8217;activitats per a cada mes del curs.<\/p>\n<p>Aquestes activitats tenen relaci\u00f3 amb la programaci\u00f3 de centre ( projectes, festes, activitats&#8230;) tal com f\u00e8iem en cursos anteriors..<\/p>\n<p>Amb les perspectives d&#8217;aquest curs ( un confinament&#8230;) la proposta d\u2019 activitats es va fer anual, deixant a cada tutor- mestre la possibilitat d\u2019 adaptar o \u00a0modificar les tasques.<\/p>\n<p style=\"text-align: left;\"><span style=\"color: #33cccc;\"><strong>SETEMBRE<\/strong><\/span>.<\/p>\n<h5 style=\"text-align: center;\"><span style=\"color: #339966;\">Com funciona una biblioteca?<\/span><\/h5>\n<ul>\n<li>Cal explicar l\u2019estructura de la biblioteca, la tem\u00e0tica dels llibres que conte\u0301, l\u2019ordre dels llibres i multim\u00e8dies segons el sistema de classificaci\u00f3\u0301 CDU.<\/li>\n<li>Expliquem com funciona el servei de pr\u00e9stec: la normativa, retorn del material, aspecte pels llibres i CD\u2019s&#8230;<\/li>\n<li>Donem\u00a0 a con\u00e8ixer el BLOG de la biblioteca \u201cBiblioaventura\u201d.<\/li>\n<li>Primer cal fer una valoraci\u00f3\u0301 \u00a0pr\u00e8via de la biblioteca, acceptant idees suggeriments&#8230;..pel proper curs.<\/li>\n<\/ul>\n<p>Cal\u00a0 recordar el sistema de classificaci\u00f3 de llibres \u00a0\/CDU)a la biblioteca, el funcionament d&#8217;aquesta i les normes .<\/p>\n<p>Durant el mes de setembre podeu fer aquesta activitat :<\/p>\n<ul>\n<li>Mirar llibres, buscar-ne les parts.<\/li>\n<li>Classificar llibres<\/li>\n<li>Escriure uns teixells diferents<\/li>\n<\/ul>\n<p>Com es classifiquen els llibres a la biblioteca?<\/p>\n<p><img loading=\"lazy\" decoding=\"async\" class=\"CToWUd a6T aligncenter\" tabindex=\"0\" title=\"\" src=\"https:\/\/lh6.googleusercontent.com\/vTJMpbLbBMa3VZWsmy98EQeANXg_mcNwwF8pHVtpe4ChEEk0QgRfEuvhW71f7zYE00uV3sUro93CFp0ceGoTeld6bJprxgekHI4vNBi1hjUSHEZfiNOpGiU2a2TRc3wR6oL88iKxexDpwRUy2g\" alt=\"Captura de pantalla de un celular Descripci\u00f3n generada autom\u00e1ticamente\" width=\"585\" height=\"366\" \/><\/p>\n<p>Al centres escolars tamb\u00e9 s&#8217;ordenen per gomets de colors:<\/p>\n<p>Blau: Infantil<\/p>\n<p>Vermell: Cicle inicial<\/p>\n<p>Groc : cicle mitj\u00e0;<\/p>\n<p>Verd: cicle superior<\/p>\n<p>Si hi ha un triangle vermell, \u00e9s que \u00e9s en castell\u00e0.<\/p>\n<p><a href=\"https:\/\/www.google.com\/url?q=http:\/\/www.bdv.cat\/guiaactivitats\/recursos\/recursos\/dossier_formaci__usuaris_cicle_superior__5__6___educaci__prim_ria.pdf&amp;sa=D&amp;ust=1606410602903000&amp;usg=AOvVaw2_9Cm6_SaIXIONH211n8mf\" target=\"_blank\" rel=\"noopener noreferrer\" data-saferedirecturl=\"https:\/\/www.google.com\/url?q=https:\/\/www.google.com\/url?q%3Dhttp:\/\/www.bdv.cat\/guiaactivitats\/recursos\/recursos\/dossier_formaci__usuaris_cicle_superior__5__6___educaci__prim_ria.pdf%26sa%3DD%26ust%3D1606410602903000%26usg%3DAOvVaw2_9Cm6_SaIXIONH211n8mf&amp;source=gmail&amp;ust=1606573093272000&amp;usg=AFQjCNECwn0TxZfJefaXelfpQ0XGdfit3w\">http:\/\/www.bdv.cat\/<wbr \/>guiaactivitats\/recursos\/<wbr \/>recursos\/dossier_formaci__<wbr \/>usuaris_cicle_superior__5__6__<wbr \/>_educaci__prim_ria.pdf<\/a><\/p>\n<p>En aquesta adre\u00e7a trobareu activitats de classificaci\u00f3 per 5\u00e8 i 6\u00e8<\/p>\n<p>Com es construeix el CDU?<\/p>\n<p>Tejuelos= teixell<\/p>\n<p><img loading=\"lazy\" decoding=\"async\" class=\"CToWUd a6T\" tabindex=\"0\" title=\"\" src=\"https:\/\/lh6.googleusercontent.com\/7q49Znws2TsN6XFuWbCpIHdNVut6K8pBmQU3a2OiOInB902ywpfGXRr1QkXaGsfNL1tciqAnNXyWbJlSA0Ahk6pXh6Ysy1gmXscYQqnKL31qbhnknxkTeU0bwzHQpyRyldzhqMcPgYUUuYL0wA\" alt=\"tejuelo\" width=\"490\" height=\"271\" \/><a href=\"https:\/\/agora.xtec.cat\/ceip-santacreu-anglesola\/wp-content\/uploads\/usu483\/2020\/11\/IMG_1589.jpg\"><img loading=\"lazy\" decoding=\"async\" class=\"wp-image-3480 aligncenter\" src=\"https:\/\/agora.xtec.cat\/ceip-santacreu-anglesola\/wp-content\/uploads\/usu483\/2020\/11\/IMG_1589.jpg\" alt=\"\" width=\"381\" height=\"286\" srcset=\"https:\/\/agora.xtec.cat\/ceip-santacreu-anglesola\/wp-content\/uploads\/usu483\/2020\/11\/IMG_1589.jpg 600w, https:\/\/agora.xtec.cat\/ceip-santacreu-anglesola\/wp-content\/uploads\/usu483\/2020\/11\/IMG_1589-300x225.jpg 300w, https:\/\/agora.xtec.cat\/ceip-santacreu-anglesola\/wp-content\/uploads\/usu483\/2020\/11\/IMG_1589-200x150.jpg 200w\" sizes=\"auto, (max-width: 381px) 100vw, 381px\" \/><\/a><\/p>\n<p>&nbsp;<\/p>\n<p><span style=\"color: #33cccc;\"><strong>OCTUBRE<\/strong><\/span><\/p>\n<h5 style=\"text-align: center;\"><span style=\"color: #339966;\">L\u2019 any Rodari<\/span><\/h5>\n<p>Aquest mes \u00e9s\u00a0 l&#8217;aniversari del naixement d&#8217;aquest autor, faria 100 anys, durant aquest mes el treballarem.<\/p>\n<p>Va escriure uns llibres plens de fantasia.<\/p>\n<p>En aquesta adre\u00e7a trobareu moltes activitats per a tots els nivells, llegir uns conte, un poema&#8230; mirar-ne algun.<\/p>\n<p>Podeu escollir el que m\u00e9s un interessi fer<\/p>\n<p><a href=\"https:\/\/www.google.com\/url?q=https:\/\/genius.diba.cat\/rodari&amp;sa=D&amp;ust=1606410602907000&amp;usg=AOvVaw1MRUt7lG-uondmWLPTkR1h\" target=\"_blank\" rel=\"noopener noreferrer\" data-saferedirecturl=\"https:\/\/www.google.com\/url?q=https:\/\/www.google.com\/url?q%3Dhttps:\/\/genius.diba.cat\/rodari%26sa%3DD%26ust%3D1606410602907000%26usg%3DAOvVaw1MRUt7lG-uondmWLPTkR1h&amp;source=gmail&amp;ust=1606573093273000&amp;usg=AFQjCNHSL4Xm_Zdh8dYT1Qj-v14t75X2pQ\">https:\/\/genius.diba.cat\/rodari<\/a><\/p>\n<p><img loading=\"lazy\" decoding=\"async\" class=\"aligncenter\" src=\"https:\/\/elbaguldelsjocscast.files.wordpress.com\/2012\/11\/rodari-llibres.jpg\" alt=\"Gianni Rodari | El Bagul dels Jocs en catal\u00e0\" width=\"544\" height=\"408\" \/><\/p>\n<p>&nbsp;<\/p>\n<p><span style=\"color: #33cccc;\"><strong>NOVEMBRE<\/strong><\/span><\/p>\n<h5 style=\"text-align: center;\"><span style=\"color: #339966;\">El personatge misteri\u00f3s<\/span><\/h5>\n<p>Es el mes de la tardor, per tant treballarem llibres que parlen d\u2019 aquesta estaci\u00f3 o de Halloween.( lectura, comentari, recomanacions&#8230;)<\/p>\n<p>Una activitat a fer, es endevinar el personatge misteri\u00f3s<\/p>\n<p>Un grup pensa un personatge t\u00edpic d&#8217;aquesta \u00e8poca de l&#8217;any , escriu unes pistes i els altres l\u2019 han d\u2019endevinar de qui es tracta, tamb\u00e9 es pot dibuixar.<\/p>\n<p><a href=\"https:\/\/www.google.com\/url?q=https:\/\/genius.diba.cat\/&amp;sa=D&amp;ust=1606410602909000&amp;usg=AOvVaw3KdcVSfUTSyPc6PFdKvufD\" target=\"_blank\" rel=\"noopener noreferrer\" data-saferedirecturl=\"https:\/\/www.google.com\/url?q=https:\/\/www.google.com\/url?q%3Dhttps:\/\/genius.diba.cat\/%26sa%3DD%26ust%3D1606410602909000%26usg%3DAOvVaw3KdcVSfUTSyPc6PFdKvufD&amp;source=gmail&amp;ust=1606573093273000&amp;usg=AFQjCNGFr8ThZWp4O_h6_N4I5c5OMrW-yw\">https:\/\/genius.diba.cat\/<\/a><\/p>\n<p>Aquesta adre\u00e7a \u00e9s molt interessant, ens d\u00f3na idea per a treballar moltes activitats de biblioteca<\/p>\n<p><a href=\"https:\/\/agora.xtec.cat\/ceip-santacreu-anglesola\/wp-content\/uploads\/usu483\/2020\/11\/IMG_1590.jpg\"><img loading=\"lazy\" decoding=\"async\" class=\"wp-image-3481 aligncenter\" src=\"https:\/\/agora.xtec.cat\/ceip-santacreu-anglesola\/wp-content\/uploads\/usu483\/2020\/11\/IMG_1590.jpg\" alt=\"\" width=\"346\" height=\"461\" srcset=\"https:\/\/agora.xtec.cat\/ceip-santacreu-anglesola\/wp-content\/uploads\/usu483\/2020\/11\/IMG_1590.jpg 450w, https:\/\/agora.xtec.cat\/ceip-santacreu-anglesola\/wp-content\/uploads\/usu483\/2020\/11\/IMG_1590-225x300.jpg 225w\" sizes=\"auto, (max-width: 346px) 100vw, 346px\" \/><\/a><\/p>\n<p>&nbsp;<\/p>\n<p><span style=\"color: #00ccff;\">DESEMBRE<\/span><\/p>\n<h5 style=\"text-align: center;\"><span style=\"color: #339966;\">El Nadal<\/span><\/h5>\n<p>Aquest mes treballarem contes que facin refer\u00e8ncia a aquesta \u00e8poca de l&#8217;any.<\/p>\n<p>Podem explicar com es viuen els diferents Nadals al m\u00f3n, contes tradicionals, personatges t\u00edpics d&#8217;aquesta \u00e8poca, visionat de pel\u00b7l\u00edcules, etc..<\/p>\n<p><a href=\"https:\/\/agora.xtec.cat\/ceip-santacreu-anglesola\/wp-content\/uploads\/usu483\/2020\/11\/IMG_1591.jpg\"><img loading=\"lazy\" decoding=\"async\" class=\"wp-image-3482 aligncenter\" src=\"https:\/\/agora.xtec.cat\/ceip-santacreu-anglesola\/wp-content\/uploads\/usu483\/2020\/11\/IMG_1591.jpg\" alt=\"\" width=\"344\" height=\"459\" srcset=\"https:\/\/agora.xtec.cat\/ceip-santacreu-anglesola\/wp-content\/uploads\/usu483\/2020\/11\/IMG_1591.jpg 450w, https:\/\/agora.xtec.cat\/ceip-santacreu-anglesola\/wp-content\/uploads\/usu483\/2020\/11\/IMG_1591-225x300.jpg 225w\" sizes=\"auto, (max-width: 344px) 100vw, 344px\" \/><\/a><\/p>\n","protected":false},"excerpt":{"rendered":"<p>Aquest curs a difer\u00e8ncia dels altres cursos, la biblioteca es dins a les aules. Cada aula t\u00e9 \u201c El rac\u00f3 de la biblioteca\u201d, on hi ha un espai, caixa&#8230; on hi ha llibres de la biblioteca del centre, adients a cada nivell.<br \/>\nA l&#8217;hora de biblioteca&hellip;  <a href=\"https:\/\/agora.xtec.cat\/ceip-santacreu-anglesola\/portada\/una-biblioteca-diferent\/\" title=\"Read UNA BIBLIOTECA DIFERENT\">Llegeix m\u00e9s\u00bb<\/a><\/p>\n","protected":false},"author":1,"featured_media":3481,"comment_status":"open","ping_status":"closed","sticky":false,"template":"","format":"standard","meta":{"_bbp_topic_count":0,"_bbp_reply_count":0,"_bbp_total_topic_count":0,"_bbp_total_reply_count":0,"_bbp_voice_count":0,"_bbp_anonymous_reply_count":0,"_bbp_topic_count_hidden":0,"_bbp_reply_count_hidden":0,"_bbp_forum_subforum_count":0,"footnotes":""},"categories":[51,4],"tags":[],"class_list":["post-3477","post","type-post","status-publish","format-standard","has-post-thumbnail","hentry","category-biblioaventura","category-portada"],"post_mailing_queue_ids":[],"_links":{"self":[{"href":"https:\/\/agora.xtec.cat\/ceip-santacreu-anglesola\/wp-json\/wp\/v2\/posts\/3477","targetHints":{"allow":["GET"]}}],"collection":[{"href":"https:\/\/agora.xtec.cat\/ceip-santacreu-anglesola\/wp-json\/wp\/v2\/posts"}],"about":[{"href":"https:\/\/agora.xtec.cat\/ceip-santacreu-anglesola\/wp-json\/wp\/v2\/types\/post"}],"author":[{"embeddable":true,"href":"https:\/\/agora.xtec.cat\/ceip-santacreu-anglesola\/wp-json\/wp\/v2\/users\/1"}],"replies":[{"embeddable":true,"href":"https:\/\/agora.xtec.cat\/ceip-santacreu-anglesola\/wp-json\/wp\/v2\/comments?post=3477"}],"version-history":[{"count":3,"href":"https:\/\/agora.xtec.cat\/ceip-santacreu-anglesola\/wp-json\/wp\/v2\/posts\/3477\/revisions"}],"predecessor-version":[{"id":3483,"href":"https:\/\/agora.xtec.cat\/ceip-santacreu-anglesola\/wp-json\/wp\/v2\/posts\/3477\/revisions\/3483"}],"wp:featuredmedia":[{"embeddable":true,"href":"https:\/\/agora.xtec.cat\/ceip-santacreu-anglesola\/wp-json\/wp\/v2\/media\/3481"}],"wp:attachment":[{"href":"https:\/\/agora.xtec.cat\/ceip-santacreu-anglesola\/wp-json\/wp\/v2\/media?parent=3477"}],"wp:term":[{"taxonomy":"category","embeddable":true,"href":"https:\/\/agora.xtec.cat\/ceip-santacreu-anglesola\/wp-json\/wp\/v2\/categories?post=3477"},{"taxonomy":"post_tag","embeddable":true,"href":"https:\/\/agora.xtec.cat\/ceip-santacreu-anglesola\/wp-json\/wp\/v2\/tags?post=3477"}],"curies":[{"name":"wp","href":"https:\/\/api.w.org\/{rel}","templated":true}]}}