{"id":3435,"date":"2020-11-24T21:08:43","date_gmt":"2020-11-24T20:08:43","guid":{"rendered":"http:\/\/agora.xtec.cat\/ceip-santacreu-anglesola\/?p=3435"},"modified":"2020-11-25T00:22:56","modified_gmt":"2020-11-24T23:22:56","slug":"primaria-cuidem-el-medi-que-estimem","status":"publish","type":"post","link":"https:\/\/agora.xtec.cat\/ceip-santacreu-anglesola\/general\/primaria-cuidem-el-medi-que-estimem\/","title":{"rendered":"PRIM\u00c0RIA: CUIDEM EL MEDI QUE ESTIMEM"},"content":{"rendered":"<p>Els alumnes de l&#8217;Escola Santa Creu, un any m\u00e9s, hem participat en la <em>Setmana Europea de la Prevenci\u00f3 de Residus<\/em>.<\/p>\n<p>Aquesta campanya, amb el nom de &#8220;<strong>Cuidem el medi que estimem&#8221;<\/strong>, l&#8217;hem fet per sensibilitzar a tota la comunitat educativa a potenciar la reducci\u00f3 de residus i aconseguir una escola m\u00e9s sostenible i implicada amb el medi ambient.<\/p>\n<p>Com a Escola Verda, volem denunciar accions inc\u00edviques del nostre entorn mitjan\u00e7ant aquestes imatges.<\/p>\n<p>Si cliqueu damunt del cartell, podreu veure els treballs que ha fet l&#8217;alumnat.<\/p>\n<h5><a href=\"https:\/\/photos.app.goo.gl\/wziZTe6ouT1zppxE9\" target=\"_blank\" rel=\"noopener noreferrer\"><img loading=\"lazy\" decoding=\"async\" class=\"alignnone wp-image-3436 size-medium\" src=\"https:\/\/agora.xtec.cat\/ceip-santacreu-anglesola\/wp-content\/uploads\/usu483\/2020\/11\/CARTELL-204x300.png\" alt=\"\" width=\"204\" height=\"300\" srcset=\"https:\/\/agora.xtec.cat\/ceip-santacreu-anglesola\/wp-content\/uploads\/usu483\/2020\/11\/CARTELL-204x300.png 204w, https:\/\/agora.xtec.cat\/ceip-santacreu-anglesola\/wp-content\/uploads\/usu483\/2020\/11\/CARTELL.png 340w\" sizes=\"auto, (max-width: 204px) 100vw, 204px\" \/><\/a><\/h5>\n","protected":false},"excerpt":{"rendered":"<p>Els alumnes de l&#8217;Escola Santa Creu, un any m\u00e9s, hem participat en la Setmana Europea de la Prevenci\u00f3 de Residus.<br \/>\nAquesta campanya, amb el nom de &#8220;Cuidem el medi que estimem&#8221;, l&#8217;hem fet per sensibilitzar a tota la comunitat educativa a potenciar la reducci\u00f3 de residus&hellip;  <a href=\"https:\/\/agora.xtec.cat\/ceip-santacreu-anglesola\/general\/primaria-cuidem-el-medi-que-estimem\/\" title=\"Read PRIM\u00c0RIA: CUIDEM EL MEDI QUE ESTIMEM\">Llegeix m\u00e9s\u00bb<\/a><\/p>\n","protected":false},"author":16,"featured_media":3436,"comment_status":"open","ping_status":"closed","sticky":false,"template":"","format":"standard","meta":{"_bbp_topic_count":0,"_bbp_reply_count":0,"_bbp_total_topic_count":0,"_bbp_total_reply_count":0,"_bbp_voice_count":0,"_bbp_anonymous_reply_count":0,"_bbp_topic_count_hidden":0,"_bbp_reply_count_hidden":0,"_bbp_forum_subforum_count":0,"footnotes":""},"categories":[1,4,5],"tags":[],"class_list":["post-3435","post","type-post","status-publish","format-standard","has-post-thumbnail","hentry","category-general","category-portada","category-primaria"],"post_mailing_queue_ids":[],"_links":{"self":[{"href":"https:\/\/agora.xtec.cat\/ceip-santacreu-anglesola\/wp-json\/wp\/v2\/posts\/3435","targetHints":{"allow":["GET"]}}],"collection":[{"href":"https:\/\/agora.xtec.cat\/ceip-santacreu-anglesola\/wp-json\/wp\/v2\/posts"}],"about":[{"href":"https:\/\/agora.xtec.cat\/ceip-santacreu-anglesola\/wp-json\/wp\/v2\/types\/post"}],"author":[{"embeddable":true,"href":"https:\/\/agora.xtec.cat\/ceip-santacreu-anglesola\/wp-json\/wp\/v2\/users\/16"}],"replies":[{"embeddable":true,"href":"https:\/\/agora.xtec.cat\/ceip-santacreu-anglesola\/wp-json\/wp\/v2\/comments?post=3435"}],"version-history":[{"count":3,"href":"https:\/\/agora.xtec.cat\/ceip-santacreu-anglesola\/wp-json\/wp\/v2\/posts\/3435\/revisions"}],"predecessor-version":[{"id":3451,"href":"https:\/\/agora.xtec.cat\/ceip-santacreu-anglesola\/wp-json\/wp\/v2\/posts\/3435\/revisions\/3451"}],"wp:featuredmedia":[{"embeddable":true,"href":"https:\/\/agora.xtec.cat\/ceip-santacreu-anglesola\/wp-json\/wp\/v2\/media\/3436"}],"wp:attachment":[{"href":"https:\/\/agora.xtec.cat\/ceip-santacreu-anglesola\/wp-json\/wp\/v2\/media?parent=3435"}],"wp:term":[{"taxonomy":"category","embeddable":true,"href":"https:\/\/agora.xtec.cat\/ceip-santacreu-anglesola\/wp-json\/wp\/v2\/categories?post=3435"},{"taxonomy":"post_tag","embeddable":true,"href":"https:\/\/agora.xtec.cat\/ceip-santacreu-anglesola\/wp-json\/wp\/v2\/tags?post=3435"}],"curies":[{"name":"wp","href":"https:\/\/api.w.org\/{rel}","templated":true}]}}