{"id":3385,"date":"2020-11-06T10:46:37","date_gmt":"2020-11-06T09:46:37","guid":{"rendered":"http:\/\/agora.xtec.cat\/ceip-santacreu-anglesola\/?p=3385"},"modified":"2020-11-09T19:06:10","modified_gmt":"2020-11-09T18:06:10","slug":"escola-de-petits-ambients-a-p5","status":"publish","type":"post","link":"https:\/\/agora.xtec.cat\/ceip-santacreu-anglesola\/portada\/escola-de-petits-ambients-a-p5\/","title":{"rendered":"ESCOLA DE PETITS: AMBIENTS A P5"},"content":{"rendered":"<p>HOLA FAM\u00cdLIES DE P5!!<\/p>\n<p>Us volem ensenyar que han fet els vostres fills i filles als ambients de grafomotricitat, expresi\u00f3, cient\u00edfic i sensorial.<\/p>\n<p>A l&#8217;ambient de grafomotricitat hem treballat el tra\u00e7 horitzontal i el vertical, creant una quadr\u00edcula.<\/p>\n<p>A l&#8217;ambient cient\u00edfic hem treballat com podem combatre al coronavirus fent un exemple amb el pebre i el sab\u00f3. Tamb\u00e9 hem treballat amb les rampes i les diferents pendents, van fer hip\u00f2tesis i van observar quins objectes baixaven per la rampa i quins no, tamb\u00e9 quins baixaven m\u00e9s r\u00e0pid i el perqu\u00e8.<\/p>\n<p>A l&#8217;ambient sensorial hem descobert diferents olors i tamb\u00e9 hem jugat amb els papers de diaris.<\/p>\n<p><a href=\"http:\/\/agora.xtec.cat\/ceip-santacreu-anglesola\/general\/escola-petits-ambients-p5\/\"><img loading=\"lazy\" decoding=\"async\" class=\"alignnone wp-image-3386 size-medium\" src=\"https:\/\/agora.xtec.cat\/ceip-santacreu-anglesola\/wp-content\/uploads\/usu483\/2020\/11\/2-300x225.jpg\" alt=\"\" width=\"300\" height=\"225\" srcset=\"https:\/\/agora.xtec.cat\/ceip-santacreu-anglesola\/wp-content\/uploads\/usu483\/2020\/11\/2-300x225.jpg 300w, https:\/\/agora.xtec.cat\/ceip-santacreu-anglesola\/wp-content\/uploads\/usu483\/2020\/11\/2-768x576.jpg 768w, https:\/\/agora.xtec.cat\/ceip-santacreu-anglesola\/wp-content\/uploads\/usu483\/2020\/11\/2-1024x768.jpg 1024w, https:\/\/agora.xtec.cat\/ceip-santacreu-anglesola\/wp-content\/uploads\/usu483\/2020\/11\/2-200x150.jpg 200w, https:\/\/agora.xtec.cat\/ceip-santacreu-anglesola\/wp-content\/uploads\/usu483\/2020\/11\/2.jpg 1632w\" sizes=\"auto, (max-width: 300px) 100vw, 300px\" \/><\/a><\/p>\n","protected":false},"excerpt":{"rendered":"<p>HOLA FAM\u00cdLIES DE P5!!<br \/>\nUs volem ensenyar que han fet els vostres fills i filles als ambients de grafomotricitat, expresi\u00f3, cient\u00edfic i sensorial.<br \/>\nA l&#8217;ambient de grafomotricitat hem treballat el tra\u00e7 horitzontal i el vertical, creant una quadr\u00edcula.<br \/>\nA l&#8217;ambient cient\u00edfic hem treballat com podem combatre al coronavirus&hellip;  <a href=\"https:\/\/agora.xtec.cat\/ceip-santacreu-anglesola\/portada\/escola-de-petits-ambients-a-p5\/\" title=\"Read ESCOLA DE PETITS: AMBIENTS A P5\">Llegeix m\u00e9s\u00bb<\/a><\/p>\n","protected":false},"author":1,"featured_media":3386,"comment_status":"open","ping_status":"closed","sticky":false,"template":"","format":"standard","meta":{"_bbp_topic_count":0,"_bbp_reply_count":0,"_bbp_total_topic_count":0,"_bbp_total_reply_count":0,"_bbp_voice_count":0,"_bbp_anonymous_reply_count":0,"_bbp_topic_count_hidden":0,"_bbp_reply_count_hidden":0,"_bbp_forum_subforum_count":0,"footnotes":""},"categories":[4],"tags":[],"class_list":["post-3385","post","type-post","status-publish","format-standard","has-post-thumbnail","hentry","category-portada"],"post_mailing_queue_ids":[],"_links":{"self":[{"href":"https:\/\/agora.xtec.cat\/ceip-santacreu-anglesola\/wp-json\/wp\/v2\/posts\/3385","targetHints":{"allow":["GET"]}}],"collection":[{"href":"https:\/\/agora.xtec.cat\/ceip-santacreu-anglesola\/wp-json\/wp\/v2\/posts"}],"about":[{"href":"https:\/\/agora.xtec.cat\/ceip-santacreu-anglesola\/wp-json\/wp\/v2\/types\/post"}],"author":[{"embeddable":true,"href":"https:\/\/agora.xtec.cat\/ceip-santacreu-anglesola\/wp-json\/wp\/v2\/users\/1"}],"replies":[{"embeddable":true,"href":"https:\/\/agora.xtec.cat\/ceip-santacreu-anglesola\/wp-json\/wp\/v2\/comments?post=3385"}],"version-history":[{"count":3,"href":"https:\/\/agora.xtec.cat\/ceip-santacreu-anglesola\/wp-json\/wp\/v2\/posts\/3385\/revisions"}],"predecessor-version":[{"id":3393,"href":"https:\/\/agora.xtec.cat\/ceip-santacreu-anglesola\/wp-json\/wp\/v2\/posts\/3385\/revisions\/3393"}],"wp:featuredmedia":[{"embeddable":true,"href":"https:\/\/agora.xtec.cat\/ceip-santacreu-anglesola\/wp-json\/wp\/v2\/media\/3386"}],"wp:attachment":[{"href":"https:\/\/agora.xtec.cat\/ceip-santacreu-anglesola\/wp-json\/wp\/v2\/media?parent=3385"}],"wp:term":[{"taxonomy":"category","embeddable":true,"href":"https:\/\/agora.xtec.cat\/ceip-santacreu-anglesola\/wp-json\/wp\/v2\/categories?post=3385"},{"taxonomy":"post_tag","embeddable":true,"href":"https:\/\/agora.xtec.cat\/ceip-santacreu-anglesola\/wp-json\/wp\/v2\/tags?post=3385"}],"curies":[{"name":"wp","href":"https:\/\/api.w.org\/{rel}","templated":true}]}}