{"id":3352,"date":"2020-11-04T13:18:48","date_gmt":"2020-11-04T12:18:48","guid":{"rendered":"http:\/\/agora.xtec.cat\/ceip-santacreu-anglesola\/?p=3352"},"modified":"2020-11-04T13:25:57","modified_gmt":"2020-11-04T12:25:57","slug":"escola-de-mitjans-festa-de-la-castanyada","status":"publish","type":"post","link":"https:\/\/agora.xtec.cat\/ceip-santacreu-anglesola\/portada\/escola-de-mitjans-festa-de-la-castanyada\/","title":{"rendered":"ESCOLA DE MITJANS: FESTA DE LA CASTANYADA"},"content":{"rendered":"<p>El passat divendres 30 d&#8217;octubre, la comunitat de mitjans va celebrar la tradicional festa de la castanyada al pati de l&#8217;escola. Separats per grups estables, van passar la tarda divertint-se junts tot ballant les danses i can\u00e7ons que hav\u00edem treballat a la classe de m\u00fasica. A m\u00e9s a m\u00e9s, els mateixos nens i nenes van organitzar una passarel\u00b7la on van poder lluir les disfresses de castanyers i castanyeres.<\/p>\n<p>Al cap d&#8217;una bona estona, tots asseguts en rotllana, van menjar les castanyes que havia torrat la castanyera. I per acabar el dia, van jugar al pati de l&#8217;escola tot disfrutant del sol que brillava amb ganes.<\/p>\n<p>Clica a la imatge per veure les fotografies de la festa.<\/p>\n<p><a href=\"https:\/\/agora.xtec.cat\/ceip-santacreu-anglesola\/?p=3343&amp;preview=true\"><img loading=\"lazy\" decoding=\"async\" class=\"aligncenter wp-image-3350 size-medium\" src=\"https:\/\/agora.xtec.cat\/ceip-santacreu-anglesola\/wp-content\/uploads\/usu483\/2020\/11\/CASTANYADA-PORTADA-300x225.jpg\" alt=\"\" width=\"300\" height=\"225\" srcset=\"https:\/\/agora.xtec.cat\/ceip-santacreu-anglesola\/wp-content\/uploads\/usu483\/2020\/11\/CASTANYADA-PORTADA-300x225.jpg 300w, https:\/\/agora.xtec.cat\/ceip-santacreu-anglesola\/wp-content\/uploads\/usu483\/2020\/11\/CASTANYADA-PORTADA-200x150.jpg 200w, https:\/\/agora.xtec.cat\/ceip-santacreu-anglesola\/wp-content\/uploads\/usu483\/2020\/11\/CASTANYADA-PORTADA.jpg 508w\" sizes=\"auto, (max-width: 300px) 100vw, 300px\" \/><\/a><\/p>\n","protected":false},"excerpt":{"rendered":"<p>El passat divendres 30 d&#8217;octubre, la comunitat de mitjans va celebrar la tradicional festa de la castanyada al pati de l&#8217;escola. Separats per grups estables, van passar la tarda divertint-se junts tot ballant les danses i can\u00e7ons que hav\u00edem treballat a la classe de m\u00fasica.&hellip;  <a href=\"https:\/\/agora.xtec.cat\/ceip-santacreu-anglesola\/portada\/escola-de-mitjans-festa-de-la-castanyada\/\" title=\"Read ESCOLA DE MITJANS: FESTA DE LA CASTANYADA\">Llegeix m\u00e9s\u00bb<\/a><\/p>\n","protected":false},"author":1,"featured_media":3350,"comment_status":"open","ping_status":"closed","sticky":false,"template":"","format":"standard","meta":{"_bbp_topic_count":0,"_bbp_reply_count":0,"_bbp_total_topic_count":0,"_bbp_total_reply_count":0,"_bbp_voice_count":0,"_bbp_anonymous_reply_count":0,"_bbp_topic_count_hidden":0,"_bbp_reply_count_hidden":0,"_bbp_forum_subforum_count":0,"footnotes":""},"categories":[4],"tags":[],"class_list":["post-3352","post","type-post","status-publish","format-standard","has-post-thumbnail","hentry","category-portada"],"post_mailing_queue_ids":[],"_links":{"self":[{"href":"https:\/\/agora.xtec.cat\/ceip-santacreu-anglesola\/wp-json\/wp\/v2\/posts\/3352","targetHints":{"allow":["GET"]}}],"collection":[{"href":"https:\/\/agora.xtec.cat\/ceip-santacreu-anglesola\/wp-json\/wp\/v2\/posts"}],"about":[{"href":"https:\/\/agora.xtec.cat\/ceip-santacreu-anglesola\/wp-json\/wp\/v2\/types\/post"}],"author":[{"embeddable":true,"href":"https:\/\/agora.xtec.cat\/ceip-santacreu-anglesola\/wp-json\/wp\/v2\/users\/1"}],"replies":[{"embeddable":true,"href":"https:\/\/agora.xtec.cat\/ceip-santacreu-anglesola\/wp-json\/wp\/v2\/comments?post=3352"}],"version-history":[{"count":3,"href":"https:\/\/agora.xtec.cat\/ceip-santacreu-anglesola\/wp-json\/wp\/v2\/posts\/3352\/revisions"}],"predecessor-version":[{"id":3357,"href":"https:\/\/agora.xtec.cat\/ceip-santacreu-anglesola\/wp-json\/wp\/v2\/posts\/3352\/revisions\/3357"}],"wp:featuredmedia":[{"embeddable":true,"href":"https:\/\/agora.xtec.cat\/ceip-santacreu-anglesola\/wp-json\/wp\/v2\/media\/3350"}],"wp:attachment":[{"href":"https:\/\/agora.xtec.cat\/ceip-santacreu-anglesola\/wp-json\/wp\/v2\/media?parent=3352"}],"wp:term":[{"taxonomy":"category","embeddable":true,"href":"https:\/\/agora.xtec.cat\/ceip-santacreu-anglesola\/wp-json\/wp\/v2\/categories?post=3352"},{"taxonomy":"post_tag","embeddable":true,"href":"https:\/\/agora.xtec.cat\/ceip-santacreu-anglesola\/wp-json\/wp\/v2\/tags?post=3352"}],"curies":[{"name":"wp","href":"https:\/\/api.w.org\/{rel}","templated":true}]}}