{"id":3341,"date":"2020-11-03T16:58:43","date_gmt":"2020-11-03T15:58:43","guid":{"rendered":"http:\/\/agora.xtec.cat\/ceip-santacreu-anglesola\/?p=3341"},"modified":"2021-04-26T20:01:36","modified_gmt":"2021-04-26T18:01:36","slug":"de-pluja-i-de-felicitat","status":"publish","type":"post","link":"https:\/\/agora.xtec.cat\/ceip-santacreu-anglesola\/general\/de-pluja-i-de-felicitat\/","title":{"rendered":"De pluja i de felicitat"},"content":{"rendered":"<p>Aquest mes us compartim dos articles. El primer enlla\u00e7 \u00e9s una entrevista que La Granja Escola va fer al conegut meteor\u00f2leg de TV3 Francesc Mauri. El segon \u00e9s un article de la psic\u00f2loga Pilar Sanz publicat a El Pa\u00eds sobre com podem ajudar als nostres infants en el seu cam\u00ed cap a una bona salut emocional. Com sempre, desitgem que us siguin d&#8217;inter\u00e9s.<\/p>\n<h1 id=\"page-title\" class=\"title\"><a href=\"https:\/\/faros.hsjdbcn.org\/ca\/articulo\/deixar-experimentar-pluja-als-nens-fa-sentir-mes-lliures\">\u00abDeixar experimentar la pluja als nens els fa sentir m\u00e9s lliures\u00bb<\/a><\/h1>\n<h1 id=\"articulo-titulo\" class=\"articulo-titulo \"><a href=\"https:\/\/elpais.com\/elpais\/2020\/10\/20\/laboratorio_de_felicidad\/1603177657_444833.html\">C\u00f3mo ense\u00f1ar a nuestros hijos a digerir sus emociones<\/a><\/h1>\n","protected":false},"excerpt":{"rendered":"<p>Aquest mes us compartim dos articles. El primer enlla\u00e7 \u00e9s una entrevista que La Granja Escola va fer al conegut meteor\u00f2leg de TV3 Francesc Mauri. El segon \u00e9s un article de la psic\u00f2loga Pilar Sanz publicat a El Pa\u00eds sobre com podem ajudar als nostres&hellip;  <a href=\"https:\/\/agora.xtec.cat\/ceip-santacreu-anglesola\/general\/de-pluja-i-de-felicitat\/\" title=\"Read De pluja i de felicitat\">Llegeix m\u00e9s\u00bb<\/a><\/p>\n","protected":false},"author":3,"featured_media":0,"comment_status":"open","ping_status":"closed","sticky":false,"template":"","format":"standard","meta":{"_bbp_topic_count":0,"_bbp_reply_count":0,"_bbp_total_topic_count":0,"_bbp_total_reply_count":0,"_bbp_voice_count":0,"_bbp_anonymous_reply_count":0,"_bbp_topic_count_hidden":0,"_bbp_reply_count_hidden":0,"_bbp_forum_subforum_count":0,"footnotes":""},"categories":[54,1,4],"tags":[],"class_list":["post-3341","post","type-post","status-publish","format-standard","hentry","category-articles","category-general","category-portada"],"post_mailing_queue_ids":[],"_links":{"self":[{"href":"https:\/\/agora.xtec.cat\/ceip-santacreu-anglesola\/wp-json\/wp\/v2\/posts\/3341","targetHints":{"allow":["GET"]}}],"collection":[{"href":"https:\/\/agora.xtec.cat\/ceip-santacreu-anglesola\/wp-json\/wp\/v2\/posts"}],"about":[{"href":"https:\/\/agora.xtec.cat\/ceip-santacreu-anglesola\/wp-json\/wp\/v2\/types\/post"}],"author":[{"embeddable":true,"href":"https:\/\/agora.xtec.cat\/ceip-santacreu-anglesola\/wp-json\/wp\/v2\/users\/3"}],"replies":[{"embeddable":true,"href":"https:\/\/agora.xtec.cat\/ceip-santacreu-anglesola\/wp-json\/wp\/v2\/comments?post=3341"}],"version-history":[{"count":1,"href":"https:\/\/agora.xtec.cat\/ceip-santacreu-anglesola\/wp-json\/wp\/v2\/posts\/3341\/revisions"}],"predecessor-version":[{"id":3342,"href":"https:\/\/agora.xtec.cat\/ceip-santacreu-anglesola\/wp-json\/wp\/v2\/posts\/3341\/revisions\/3342"}],"wp:attachment":[{"href":"https:\/\/agora.xtec.cat\/ceip-santacreu-anglesola\/wp-json\/wp\/v2\/media?parent=3341"}],"wp:term":[{"taxonomy":"category","embeddable":true,"href":"https:\/\/agora.xtec.cat\/ceip-santacreu-anglesola\/wp-json\/wp\/v2\/categories?post=3341"},{"taxonomy":"post_tag","embeddable":true,"href":"https:\/\/agora.xtec.cat\/ceip-santacreu-anglesola\/wp-json\/wp\/v2\/tags?post=3341"}],"curies":[{"name":"wp","href":"https:\/\/api.w.org\/{rel}","templated":true}]}}