{"id":2731,"date":"2020-06-19T17:40:25","date_gmt":"2020-06-19T15:40:25","guid":{"rendered":"http:\/\/agora.xtec.cat\/ceip-santacreu-anglesola\/?p=2731"},"modified":"2020-09-26T14:55:01","modified_gmt":"2020-09-26T12:55:01","slug":"comiat-als-alumnes-de-6e-de-lescola","status":"publish","type":"post","link":"https:\/\/agora.xtec.cat\/ceip-santacreu-anglesola\/general\/comiat-als-alumnes-de-6e-de-lescola\/","title":{"rendered":"Comiat als alumnes de 6\u00e8 de l&#8217;Escola."},"content":{"rendered":"<p><span style=\"font-weight: 400;\">Aquest\u00a0 divendres 19 de juny hem fet el comiat i el lliurament\u00a0 d&#8217;orles als nens i nenes de 6\u00e8. Ha estat un acte diferent i inusual, per\u00f2 no per aix\u00f2 ha deixat de ser molt emotiu,\u00a0 i ben original. S&#8217;ha fet presencial i tamb\u00e9 de manera telem\u00e0tica per alguns alumnes i mestres que no han pogut estar presents al centre.<\/span><\/p>\n<p><span style=\"font-weight: 400;\">L&#8217;equip docent hem volgut fer un recull fotos del pas d&#8217;aquests infants per l&#8217;escola i\u00a0 tamb\u00e9\u00a0 hem elaborat un v\u00eddeo amb la\u00a0 posada de bandes protagonitzat per tots ells i elles i s&#8217;han pogut acomiadar de l&#8217;escola dient unes boniques paraules.<\/span><\/p>\n<p><span style=\"font-weight: 400;\">En l&#8217;\u00faltima part de l&#8217;acte ha intervingut tot el claustre de mestres i s&#8217;han dirigit al grup amb molts elogis i bons desitjos de cara a la nova etapa que estan a punt d&#8217;iniciar.\u00a0<\/span><\/p>\n<p><span style=\"font-weight: 400;\">Un cop m\u00e9s desitjar-los molta sort i molts encerts. Els trobarem a faltar&#8230;<\/span><\/p>\n<p>Compartim amb tot vosaltres el v\u00eddeo que han fet ells i les fotografies de la trobada presencial i telem\u00e0tica que hem fet.<\/p>\n<p><iframe loading=\"lazy\" title=\"Comiat de l&#039;alumnat de 6\u00e8 2019-2020\" width=\"500\" height=\"281\" src=\"https:\/\/www.youtube.com\/embed\/ELH4BHRq9-w?feature=oembed\" frameborder=\"0\" allow=\"accelerometer; autoplay; clipboard-write; encrypted-media; gyroscope; picture-in-picture; web-share\" referrerpolicy=\"strict-origin-when-cross-origin\" allowfullscreen><\/iframe><\/p>\n<p>Clica a la foto de grup per veure les fotografies del comiat.<\/p>\n<p><a href=\"https:\/\/photos.app.goo.gl\/mGeziEQUhB69NkRB9\"><img loading=\"lazy\" decoding=\"async\" class=\"alignnone wp-image-2732 size-full\" src=\"https:\/\/agora.xtec.cat\/ceip-santacreu-anglesola\/wp-content\/uploads\/usu483\/2020\/06\/6\u00e8-e1592581010806.jpg\" alt=\"\" width=\"400\" height=\"267\" \/><\/a><\/p>\n<p>&nbsp;<\/p>\n","protected":false},"excerpt":{"rendered":"<p>Aquest\u00a0 divendres 19 de juny hem fet el comiat i el lliurament\u00a0 d&#8217;orles als nens i nenes de 6\u00e8. Ha estat un acte diferent i inusual, per\u00f2 no per aix\u00f2 ha deixat de ser molt emotiu,\u00a0 i ben original. S&#8217;ha fet presencial i tamb\u00e9 de&hellip;  <a href=\"https:\/\/agora.xtec.cat\/ceip-santacreu-anglesola\/general\/comiat-als-alumnes-de-6e-de-lescola\/\" title=\"Read Comiat als alumnes de 6\u00e8 de l&#8217;Escola.\">Llegeix m\u00e9s\u00bb<\/a><\/p>\n","protected":false},"author":1,"featured_media":0,"comment_status":"open","ping_status":"closed","sticky":false,"template":"","format":"standard","meta":{"_bbp_topic_count":0,"_bbp_reply_count":0,"_bbp_total_topic_count":0,"_bbp_total_reply_count":0,"_bbp_voice_count":0,"_bbp_anonymous_reply_count":0,"_bbp_topic_count_hidden":0,"_bbp_reply_count_hidden":0,"_bbp_forum_subforum_count":0,"footnotes":""},"categories":[1,4],"tags":[],"class_list":["post-2731","post","type-post","status-publish","format-standard","hentry","category-general","category-portada"],"post_mailing_queue_ids":[],"_links":{"self":[{"href":"https:\/\/agora.xtec.cat\/ceip-santacreu-anglesola\/wp-json\/wp\/v2\/posts\/2731","targetHints":{"allow":["GET"]}}],"collection":[{"href":"https:\/\/agora.xtec.cat\/ceip-santacreu-anglesola\/wp-json\/wp\/v2\/posts"}],"about":[{"href":"https:\/\/agora.xtec.cat\/ceip-santacreu-anglesola\/wp-json\/wp\/v2\/types\/post"}],"author":[{"embeddable":true,"href":"https:\/\/agora.xtec.cat\/ceip-santacreu-anglesola\/wp-json\/wp\/v2\/users\/1"}],"replies":[{"embeddable":true,"href":"https:\/\/agora.xtec.cat\/ceip-santacreu-anglesola\/wp-json\/wp\/v2\/comments?post=2731"}],"version-history":[{"count":1,"href":"https:\/\/agora.xtec.cat\/ceip-santacreu-anglesola\/wp-json\/wp\/v2\/posts\/2731\/revisions"}],"predecessor-version":[{"id":2733,"href":"https:\/\/agora.xtec.cat\/ceip-santacreu-anglesola\/wp-json\/wp\/v2\/posts\/2731\/revisions\/2733"}],"wp:attachment":[{"href":"https:\/\/agora.xtec.cat\/ceip-santacreu-anglesola\/wp-json\/wp\/v2\/media?parent=2731"}],"wp:term":[{"taxonomy":"category","embeddable":true,"href":"https:\/\/agora.xtec.cat\/ceip-santacreu-anglesola\/wp-json\/wp\/v2\/categories?post=2731"},{"taxonomy":"post_tag","embeddable":true,"href":"https:\/\/agora.xtec.cat\/ceip-santacreu-anglesola\/wp-json\/wp\/v2\/tags?post=2731"}],"curies":[{"name":"wp","href":"https:\/\/api.w.org\/{rel}","templated":true}]}}