{"id":2701,"date":"2020-06-16T10:23:49","date_gmt":"2020-06-16T08:23:49","guid":{"rendered":"http:\/\/agora.xtec.cat\/ceip-santacreu-anglesola\/?p=2701"},"modified":"2020-09-26T14:56:27","modified_gmt":"2020-09-26T12:56:27","slug":"dona-la-nota-encara-hi-som-a-temps","status":"publish","type":"post","link":"https:\/\/agora.xtec.cat\/ceip-santacreu-anglesola\/general\/dona-la-nota-encara-hi-som-a-temps\/","title":{"rendered":"DONA LA NOTA, ENCARA HI SOM A TEMPS!"},"content":{"rendered":"<p>Aquest \u00e9s el lema del projecte que han dut a terme des del CdA Pau Casals del Vendrell, en motiu a la nova situaci\u00f3 que estem vivint actualment i per tal que els nens i nenes prenguin consci\u00e8ncia sobre el moment que vivim d&#8217;emerg\u00e8ncia clim\u00e0tica i ambiental.<\/p>\n<p>A continuaci\u00f3 podreu veure la nostra participaci\u00f3 en el projecte dels alumnes de CM i CS. Cadasc\u00fa s&#8217;ha vestit d&#8217;un color ben viu i s&#8217;ha fet una foto amb els dits creuats, ja que \u00e9s el gest identificatiu d&#8217;aquest projecte. Tamb\u00e9 han cantat i escoltat la can\u00e7\u00f3 a casa.<\/p>\n<p>&nbsp;<\/p>\n<p><iframe loading=\"lazy\" src=\"\/\/www.youtube.com\/embed\/e4_OsiydWnU\" width=\"560\" height=\"314\"><\/iframe><\/p>\n<p>&nbsp;<\/p>\n<p>&nbsp;<\/p>\n<p>&nbsp;<\/p>\n<p>&nbsp;<\/p>\n","protected":false},"excerpt":{"rendered":"<p>Aquest \u00e9s el lema del projecte que han dut a terme des del CdA Pau Casals del Vendrell, en motiu a la nova situaci\u00f3 que estem vivint actualment i per tal que els nens i nenes prenguin consci\u00e8ncia sobre el moment que vivim d&#8217;emerg\u00e8ncia clim\u00e0tica&hellip;  <a href=\"https:\/\/agora.xtec.cat\/ceip-santacreu-anglesola\/general\/dona-la-nota-encara-hi-som-a-temps\/\" title=\"Read DONA LA NOTA, ENCARA HI SOM A TEMPS!\">Llegeix m\u00e9s\u00bb<\/a><\/p>\n","protected":false},"author":1,"featured_media":0,"comment_status":"open","ping_status":"closed","sticky":false,"template":"","format":"standard","meta":{"_bbp_topic_count":0,"_bbp_reply_count":0,"_bbp_total_topic_count":0,"_bbp_total_reply_count":0,"_bbp_voice_count":0,"_bbp_anonymous_reply_count":0,"_bbp_topic_count_hidden":0,"_bbp_reply_count_hidden":0,"_bbp_forum_subforum_count":0,"footnotes":""},"categories":[1,4],"tags":[],"class_list":["post-2701","post","type-post","status-publish","format-standard","hentry","category-general","category-portada"],"post_mailing_queue_ids":[],"_links":{"self":[{"href":"https:\/\/agora.xtec.cat\/ceip-santacreu-anglesola\/wp-json\/wp\/v2\/posts\/2701","targetHints":{"allow":["GET"]}}],"collection":[{"href":"https:\/\/agora.xtec.cat\/ceip-santacreu-anglesola\/wp-json\/wp\/v2\/posts"}],"about":[{"href":"https:\/\/agora.xtec.cat\/ceip-santacreu-anglesola\/wp-json\/wp\/v2\/types\/post"}],"author":[{"embeddable":true,"href":"https:\/\/agora.xtec.cat\/ceip-santacreu-anglesola\/wp-json\/wp\/v2\/users\/1"}],"replies":[{"embeddable":true,"href":"https:\/\/agora.xtec.cat\/ceip-santacreu-anglesola\/wp-json\/wp\/v2\/comments?post=2701"}],"version-history":[{"count":3,"href":"https:\/\/agora.xtec.cat\/ceip-santacreu-anglesola\/wp-json\/wp\/v2\/posts\/2701\/revisions"}],"predecessor-version":[{"id":2718,"href":"https:\/\/agora.xtec.cat\/ceip-santacreu-anglesola\/wp-json\/wp\/v2\/posts\/2701\/revisions\/2718"}],"wp:attachment":[{"href":"https:\/\/agora.xtec.cat\/ceip-santacreu-anglesola\/wp-json\/wp\/v2\/media?parent=2701"}],"wp:term":[{"taxonomy":"category","embeddable":true,"href":"https:\/\/agora.xtec.cat\/ceip-santacreu-anglesola\/wp-json\/wp\/v2\/categories?post=2701"},{"taxonomy":"post_tag","embeddable":true,"href":"https:\/\/agora.xtec.cat\/ceip-santacreu-anglesola\/wp-json\/wp\/v2\/tags?post=2701"}],"curies":[{"name":"wp","href":"https:\/\/api.w.org\/{rel}","templated":true}]}}