{"id":2662,"date":"2020-06-12T13:53:01","date_gmt":"2020-06-12T11:53:01","guid":{"rendered":"http:\/\/agora.xtec.cat\/ceip-santacreu-anglesola\/?p=2662"},"modified":"2020-11-09T19:08:20","modified_gmt":"2020-11-09T18:08:20","slug":"educacio-emocional","status":"publish","type":"post","link":"https:\/\/agora.xtec.cat\/ceip-santacreu-anglesola\/general\/educacio-emocional\/","title":{"rendered":"EDUCACI\u00d3  EMOCIONAL"},"content":{"rendered":"<p><span style=\"font-weight: 400;\">Us deixem un petit v\u00eddeo representatiu d&#8217;educaci\u00f3 emocional de l&#8217;\u00faltima activitat-resum i d&#8217;alguns racons m\u00e0gics que heu muntat. Aquest cop calia resumir en una paraula, dibuix o frase quin sentiment ens qued\u00e0vem de tots aquests dies a casa.<\/span><\/p>\n<p><span style=\"font-weight: 400;\"><br \/>\n<\/span><span style=\"font-weight: 400;\">Esperem que aquestes propostes que us hem anat passant hagin estat \u00fatils i agradables, que cada setmana\u00a0h\u00e0giu\u00a0pogut con\u00e8ixer-vos una mica m\u00e9s per poder entendre la situaci\u00f3 actual que ens ha tocat viure&#8230; que aquest rac\u00f3 que us heu constru\u00eft us hagi estat c\u00f2mode per trobar espais i moments per vosaltres mateixos\/es.<\/span><\/p>\n<p><span style=\"font-weight: 400;\"><br \/>\n<\/span><span style=\"font-weight: 400;\">Com b\u00e9 sabeu, a l&#8217;escola, treballem molt l&#8217;educaci\u00f3 emocional i \u00e9s per aix\u00f2 que hem cregut oport\u00fa encarar les tasques de religi\u00f3 i valors cap aqu\u00ed, fent palesa\u00a0la import\u00e0ncia\u00a0de la consci\u00e8ncia emocional d&#8217;aquest curs estrany.<\/span><\/p>\n<p>&nbsp;<\/p>\n<p><span style=\"font-weight: 400;\">Una abra\u00e7ada a tothom!!!<\/span><\/p>\n<p><iframe loading=\"lazy\" title=\"Educaci\u00f3 emocional Anglesola FINAL\" width=\"500\" height=\"281\" src=\"https:\/\/www.youtube.com\/embed\/XfWw56Ak3Ck?feature=oembed\" frameborder=\"0\" allow=\"accelerometer; autoplay; clipboard-write; encrypted-media; gyroscope; picture-in-picture; web-share\" referrerpolicy=\"strict-origin-when-cross-origin\" allowfullscreen><\/iframe><\/p>\n<p>&nbsp;<\/p>\n<p>&nbsp;<\/p>\n","protected":false},"excerpt":{"rendered":"<p>Us deixem un petit v\u00eddeo representatiu d&#8217;educaci\u00f3 emocional de l&#8217;\u00faltima activitat-resum i d&#8217;alguns racons m\u00e0gics que heu muntat. Aquest cop calia resumir en una paraula, dibuix o frase quin sentiment ens qued\u00e0vem de tots aquests dies a casa.<\/p>\n<p>Esperem que aquestes propostes que us hem anat&hellip;  <a href=\"https:\/\/agora.xtec.cat\/ceip-santacreu-anglesola\/general\/educacio-emocional\/\" title=\"Read EDUCACI\u00d3  EMOCIONAL\">Llegeix m\u00e9s\u00bb<\/a><\/p>\n","protected":false},"author":1,"featured_media":0,"comment_status":"open","ping_status":"closed","sticky":false,"template":"","format":"standard","meta":{"_bbp_topic_count":0,"_bbp_reply_count":0,"_bbp_total_topic_count":0,"_bbp_total_reply_count":0,"_bbp_voice_count":0,"_bbp_anonymous_reply_count":0,"_bbp_topic_count_hidden":0,"_bbp_reply_count_hidden":0,"_bbp_forum_subforum_count":0,"footnotes":""},"categories":[1,4],"tags":[],"class_list":["post-2662","post","type-post","status-publish","format-standard","hentry","category-general","category-portada"],"post_mailing_queue_ids":[],"_links":{"self":[{"href":"https:\/\/agora.xtec.cat\/ceip-santacreu-anglesola\/wp-json\/wp\/v2\/posts\/2662","targetHints":{"allow":["GET"]}}],"collection":[{"href":"https:\/\/agora.xtec.cat\/ceip-santacreu-anglesola\/wp-json\/wp\/v2\/posts"}],"about":[{"href":"https:\/\/agora.xtec.cat\/ceip-santacreu-anglesola\/wp-json\/wp\/v2\/types\/post"}],"author":[{"embeddable":true,"href":"https:\/\/agora.xtec.cat\/ceip-santacreu-anglesola\/wp-json\/wp\/v2\/users\/1"}],"replies":[{"embeddable":true,"href":"https:\/\/agora.xtec.cat\/ceip-santacreu-anglesola\/wp-json\/wp\/v2\/comments?post=2662"}],"version-history":[{"count":3,"href":"https:\/\/agora.xtec.cat\/ceip-santacreu-anglesola\/wp-json\/wp\/v2\/posts\/2662\/revisions"}],"predecessor-version":[{"id":2670,"href":"https:\/\/agora.xtec.cat\/ceip-santacreu-anglesola\/wp-json\/wp\/v2\/posts\/2662\/revisions\/2670"}],"wp:attachment":[{"href":"https:\/\/agora.xtec.cat\/ceip-santacreu-anglesola\/wp-json\/wp\/v2\/media?parent=2662"}],"wp:term":[{"taxonomy":"category","embeddable":true,"href":"https:\/\/agora.xtec.cat\/ceip-santacreu-anglesola\/wp-json\/wp\/v2\/categories?post=2662"},{"taxonomy":"post_tag","embeddable":true,"href":"https:\/\/agora.xtec.cat\/ceip-santacreu-anglesola\/wp-json\/wp\/v2\/tags?post=2662"}],"curies":[{"name":"wp","href":"https:\/\/api.w.org\/{rel}","templated":true}]}}